{"id":1010,"date":"2018-11-30T23:35:20","date_gmt":"2018-11-30T23:35:20","guid":{"rendered":"https:\/\/grancanaria.eleusal.com\/?p=388"},"modified":"2019-11-19T09:20:16","modified_gmt":"2019-11-19T08:20:16","slug":"surf-y-clases-de-espanol-en-gran-canaria","status":"publish","type":"post","link":"https:\/\/grancanaria.eleusal.com\/es\/surf-y-clases-de-espanol-en-gran-canaria\/","title":{"rendered":"SURF Y CLASES DE ESPA\u00d1OL EN GRAN CANARIA"},"content":{"rendered":"<p><!-- p.p1 {margin: 0.0px 0.0px 0.0px 0.0px; font: 12.0px 'Helvetica Neue'; -webkit-text-stroke: #000000} p.p2 {margin: 0.0px 0.0px 0.0px 0.0px; font: 12.0px 'Helvetica Neue'; -webkit-text-stroke: #000000; min-height: 14.0px} span.s1 {font-kerning: none} -->Las Palmas de Gran Canaria est\u00e1 considerada c\u00f3mo una de las 5 ciudades con mejor clima del mundo. Sus temperaturas, que oscilan entre los 21\u00baC en febrero y 27\u00baC en agosto, permiten la pr\u00e1ctica de todo tipo de deportes al aire libre. Adem\u00e1s, la temperatura del agua nunca es inferior a 19\u00baC por lo que la pr\u00e1ctica de deportes acu\u00e1ticas se mantienen durante todo el a\u00f1o. El surf, es uno de ellos y la isla de Gran Canaria cuenta con numerosas playas donde cualquiera puede aprender a surfear en pocas semanas.<\/p>\n<p>Muchas son las personas que vienen aqu\u00ed a mejorar su espa\u00f1ol y a practicar surf. La playa de La Cicer, se encuentra en la ciudad de Las Palmas y es conocida como la mejor playa de Canarias para aprender a surfear, se encuentra a 15 minutos de nuestra escuela y cuenta con numerosas academias de surf. Muy cerca de La Cicer, podemos encontrar otros dos picos de surf solo apto para surferos expertos: El Lloret y El Confital.<\/p>\n<div id=\"attachment_392\" style=\"width: 310px\" class=\"wp-caption alignleft\"><a href=\"http:\/\/grancanaria.eleusal.com\/2018\/11\/30\/surf-y-clases-de-espanol-en-gran-canaria\/47320967_290053528284498_8838166410170466304_n-2\/\" rel=\"attachment wp-att-392\"><img loading=\"lazy\" decoding=\"async\" aria-describedby=\"caption-attachment-392\" class=\"size-medium wp-image-392\" src=\"http:\/\/grancanaria.eleusal.com\/files\/2018\/11\/47320967_290053528284498_8838166410170466304_n1-300x168.jpg\" alt=\"La Cicer\" width=\"300\" height=\"168\" \/><\/a><p id=\"caption-attachment-392\" class=\"wp-caption-text\">La Cicer<\/p><\/div>\n<div id=\"attachment_400\" style=\"width: 243px\" class=\"wp-caption alignright\"><a href=\"http:\/\/grancanaria.eleusal.com\/2018\/11\/30\/surf-y-clases-de-espanol-en-gran-canaria\/captura-de-pantalla-2018-11-30-a-las-23-12-29-5\/\" rel=\"attachment wp-att-400\"><img loading=\"lazy\" decoding=\"async\" aria-describedby=\"caption-attachment-400\" class=\"size-medium wp-image-400\" src=\"http:\/\/grancanaria.eleusal.com\/files\/2018\/11\/Captura-de-pantalla-2018-11-30-a-las-23.12.294-233x300.png\" alt=\"El Lloret\" width=\"233\" height=\"300\" \/><\/a><p id=\"caption-attachment-400\" class=\"wp-caption-text\">El Lloret<\/p><\/div>\n<p>&nbsp;<\/p>\n<p>&nbsp;<\/p>\n<p>&nbsp;<\/p>\n<p>&nbsp;<\/p>\n<p>&nbsp;<\/p>\n<p>&nbsp;<\/p>\n<p>En el norte de la isla, muy cerca de la ciudad de Las Palmas de G. C. hay numerosos \u201cpicos\u201d de surf donde puedes practicar surf durante todo el a\u00f1o. Las playas de Quintanilla y Los Enanos son famosas por sus olas y por la facilidad de sus olas, ideales para surfistas amateurs como para expertos.<\/p>\n<p>Estudiar espa\u00f1ol y practicar surf es algo que puedes hacer en cualquier \u00e9poca del a\u00f1o en nuestra preciosa y tranquila isla. Ven a estudiar ya a nuestra escuela. Nosotros te guiaremos en cualquier cosa que necesites, no solo para mejorar tu espa\u00f1ol y poder comunicarte f\u00e1cilmente con los nativos de nuestras islas, sino tambi\u00e9n en todo lo referente a la cultura de surf: escuelas, lugares d\u00f3nde practicar, materiales necesarios, etc.<\/p>\n<p>Gran Canaria es el lugar ideal para aprender y practicar surf, y nuestra escuela ELE USAL Gran Canaria tu escuela de espa\u00f1ol.<\/p>\n<div id=\"attachment_401\" style=\"width: 310px\" class=\"wp-caption alignleft\"><a href=\"http:\/\/grancanaria.eleusal.com\/2018\/11\/30\/surf-y-clases-de-espanol-en-gran-canaria\/47241714_294494304525008_4782686198537650176_n\/\" rel=\"attachment wp-att-401\"><img loading=\"lazy\" decoding=\"async\" aria-describedby=\"caption-attachment-401\" class=\"size-medium wp-image-401\" src=\"http:\/\/grancanaria.eleusal.com\/files\/2018\/11\/47241714_294494304525008_4782686198537650176_n-300x199.jpg\" alt=\"&quot;Finger&quot;: local surfer\" width=\"300\" height=\"199\" \/><\/a><p id=\"caption-attachment-401\" class=\"wp-caption-text\">\u00abFinger\u00bb: surfero local<\/p><\/div>\n<div id=\"attachment_403\" style=\"width: 235px\" class=\"wp-caption alignright\"><a href=\"http:\/\/grancanaria.eleusal.com\/2018\/11\/30\/surf-y-clases-de-espanol-en-gran-canaria\/47388926_354743971968911_8537810692802084864_n-2\/\" rel=\"attachment wp-att-403\"><img loading=\"lazy\" decoding=\"async\" aria-describedby=\"caption-attachment-403\" class=\"size-medium wp-image-403\" src=\"http:\/\/grancanaria.eleusal.com\/files\/2018\/11\/47388926_354743971968911_8537810692802084864_n1-225x300.jpg\" alt=\"&quot;Scott&quot;: local surfer\" width=\"225\" height=\"300\" \/><\/a><p id=\"caption-attachment-403\" class=\"wp-caption-text\">\u00abScott\u00bb: surfero local<\/p><\/div>\n","protected":false},"excerpt":{"rendered":"<p>Las Palmas de Gran Canaria est\u00e1 considerada c\u00f3mo una de las 5 ciudades con mejor clima del mundo. Sus temperaturas, que oscilan entre los 21\u00baC en febrero y 27\u00baC en agosto, permiten la pr\u00e1ctica de todo tipo de deportes al aire libre. Adem\u00e1s, la temperatura&#8230;<\/p>\n","protected":false},"author":3,"featured_media":1059,"comment_status":"closed","ping_status":"closed","sticky":false,"template":"","format":"standard","meta":{"footnotes":""},"categories":[124],"tags":[],"class_list":["post-1010","post","type-post","status-publish","format-standard","has-post-thumbnail","hentry","category-sin-categoria-de"],"yoast_head":"<!-- This site is optimized with the Yoast SEO plugin v24.2 - https:\/\/yoast.com\/wordpress\/plugins\/seo\/ -->\n<title>Surf y cursos de espa\u00f1ol en ELE USAL Gran Canaria<\/title>\n<meta name=\"description\" content=\"En nuestra escuela de espa\u00f1ol ELE USAL Gran Canaria podr\u00e1s aprender espa\u00f1ol y practicar surf. Contacta con nosotros para m\u00e1s informaci\u00f3n\" \/>\n<meta name=\"robots\" content=\"index, follow, max-snippet:-1, max-image-preview:large, max-video-preview:-1\" \/>\n<link rel=\"canonical\" href=\"https:\/\/grancanaria.eleusal.com\/es\/surf-y-clases-de-espanol-en-gran-canaria\/\" \/>\n<meta property=\"og:locale\" content=\"es_ES\" \/>\n<meta property=\"og:type\" content=\"article\" \/>\n<meta property=\"og:title\" content=\"Surf y cursos de espa\u00f1ol en ELE USAL Gran Canaria\" \/>\n<meta property=\"og:description\" content=\"En nuestra escuela de espa\u00f1ol ELE USAL Gran Canaria podr\u00e1s aprender espa\u00f1ol y practicar surf. Contacta con nosotros para m\u00e1s informaci\u00f3n\" \/>\n<meta property=\"og:url\" content=\"https:\/\/grancanaria.eleusal.com\/es\/surf-y-clases-de-espanol-en-gran-canaria\/\" \/>\n<meta property=\"og:site_name\" content=\"ELE USAL Gran Canaria\" \/>\n<meta property=\"article:publisher\" content=\"https:\/\/www.facebook.com\/eleusalgrancanaria\/\" \/>\n<meta property=\"article:published_time\" content=\"2018-11-30T23:35:20+00:00\" \/>\n<meta property=\"article:modified_time\" content=\"2019-11-19T08:20:16+00:00\" \/>\n<meta property=\"og:image\" content=\"https:\/\/grancanaria.eleusal.com\/wp-content\/uploads\/sites\/13\/2018\/11\/surf-y-clases-de-espa\u00f1ol.jpg\" \/>\n\t<meta property=\"og:image:width\" content=\"300\" \/>\n\t<meta property=\"og:image:height\" content=\"199\" \/>\n\t<meta property=\"og:image:type\" content=\"image\/jpeg\" \/>\n<meta name=\"author\" content=\"eleusal\" \/>\n<meta name=\"twitter:card\" content=\"summary_large_image\" \/>\n<meta name=\"twitter:creator\" content=\"@usal_ele\" \/>\n<meta name=\"twitter:site\" content=\"@usal_ele\" \/>\n<meta name=\"twitter:label1\" content=\"Escrito por\" \/>\n\t<meta name=\"twitter:data1\" content=\"eleusal\" \/>\n\t<meta name=\"twitter:label2\" content=\"Tiempo de lectura\" \/>\n\t<meta name=\"twitter:data2\" content=\"2 minutos\" \/>\n<script type=\"application\/ld+json\" class=\"yoast-schema-graph\">{\"@context\":\"https:\/\/schema.org\",\"@graph\":[{\"@type\":\"Article\",\"@id\":\"https:\/\/grancanaria.eleusal.com\/es\/surf-y-clases-de-espanol-en-gran-canaria\/#article\",\"isPartOf\":{\"@id\":\"https:\/\/grancanaria.eleusal.com\/es\/surf-y-clases-de-espanol-en-gran-canaria\/\"},\"author\":{\"name\":\"eleusal\",\"@id\":\"https:\/\/grancanaria.eleusal.com\/#\/schema\/person\/ddd30d342c0575fcb5237623c75b7b97\"},\"headline\":\"SURF Y CLASES DE ESPA\u00d1OL EN GRAN CANARIA\",\"datePublished\":\"2018-11-30T23:35:20+00:00\",\"dateModified\":\"2019-11-19T08:20:16+00:00\",\"mainEntityOfPage\":{\"@id\":\"https:\/\/grancanaria.eleusal.com\/es\/surf-y-clases-de-espanol-en-gran-canaria\/\"},\"wordCount\":383,\"publisher\":{\"@id\":\"https:\/\/grancanaria.eleusal.com\/#organization\"},\"image\":{\"@id\":\"https:\/\/grancanaria.eleusal.com\/es\/surf-y-clases-de-espanol-en-gran-canaria\/#primaryimage\"},\"thumbnailUrl\":\"https:\/\/grancanaria.eleusal.com\/wp-content\/uploads\/sites\/13\/2018\/11\/surf-y-clases-de-espa\u00f1ol.jpg\",\"articleSection\":[\"Sin categor\u00eda @de\"],\"inLanguage\":\"es\"},{\"@type\":\"WebPage\",\"@id\":\"https:\/\/grancanaria.eleusal.com\/es\/surf-y-clases-de-espanol-en-gran-canaria\/\",\"url\":\"https:\/\/grancanaria.eleusal.com\/es\/surf-y-clases-de-espanol-en-gran-canaria\/\",\"name\":\"Surf y cursos de espa\u00f1ol en ELE USAL Gran Canaria\",\"isPartOf\":{\"@id\":\"https:\/\/grancanaria.eleusal.com\/#website\"},\"primaryImageOfPage\":{\"@id\":\"https:\/\/grancanaria.eleusal.com\/es\/surf-y-clases-de-espanol-en-gran-canaria\/#primaryimage\"},\"image\":{\"@id\":\"https:\/\/grancanaria.eleusal.com\/es\/surf-y-clases-de-espanol-en-gran-canaria\/#primaryimage\"},\"thumbnailUrl\":\"https:\/\/grancanaria.eleusal.com\/wp-content\/uploads\/sites\/13\/2018\/11\/surf-y-clases-de-espa\u00f1ol.jpg\",\"datePublished\":\"2018-11-30T23:35:20+00:00\",\"dateModified\":\"2019-11-19T08:20:16+00:00\",\"description\":\"En nuestra escuela de espa\u00f1ol ELE USAL Gran Canaria podr\u00e1s aprender espa\u00f1ol y practicar surf. Contacta con nosotros para m\u00e1s informaci\u00f3n\",\"breadcrumb\":{\"@id\":\"https:\/\/grancanaria.eleusal.com\/es\/surf-y-clases-de-espanol-en-gran-canaria\/#breadcrumb\"},\"inLanguage\":\"es\",\"potentialAction\":[{\"@type\":\"ReadAction\",\"target\":[\"https:\/\/grancanaria.eleusal.com\/es\/surf-y-clases-de-espanol-en-gran-canaria\/\"]}]},{\"@type\":\"ImageObject\",\"inLanguage\":\"es\",\"@id\":\"https:\/\/grancanaria.eleusal.com\/es\/surf-y-clases-de-espanol-en-gran-canaria\/#primaryimage\",\"url\":\"https:\/\/grancanaria.eleusal.com\/wp-content\/uploads\/sites\/13\/2018\/11\/surf-y-clases-de-espa\u00f1ol.jpg\",\"contentUrl\":\"https:\/\/grancanaria.eleusal.com\/wp-content\/uploads\/sites\/13\/2018\/11\/surf-y-clases-de-espa\u00f1ol.jpg\",\"width\":300,\"height\":199},{\"@type\":\"BreadcrumbList\",\"@id\":\"https:\/\/grancanaria.eleusal.com\/es\/surf-y-clases-de-espanol-en-gran-canaria\/#breadcrumb\",\"itemListElement\":[{\"@type\":\"ListItem\",\"position\":1,\"name\":\"Home\",\"item\":\"https:\/\/grancanaria.eleusal.com\/es\/\"},{\"@type\":\"ListItem\",\"position\":2,\"name\":\"SURF Y CLASES DE ESPA\u00d1OL EN GRAN CANARIA\"}]},{\"@type\":\"WebSite\",\"@id\":\"https:\/\/grancanaria.eleusal.com\/#website\",\"url\":\"https:\/\/grancanaria.eleusal.com\/\",\"name\":\"ELE USAL Gran Canaria\",\"description\":\"ELE USAL\",\"publisher\":{\"@id\":\"https:\/\/grancanaria.eleusal.com\/#organization\"},\"potentialAction\":[{\"@type\":\"SearchAction\",\"target\":{\"@type\":\"EntryPoint\",\"urlTemplate\":\"https:\/\/grancanaria.eleusal.com\/?s={search_term_string}\"},\"query-input\":{\"@type\":\"PropertyValueSpecification\",\"valueRequired\":true,\"valueName\":\"search_term_string\"}}],\"inLanguage\":\"es\"},{\"@type\":\"Organization\",\"@id\":\"https:\/\/grancanaria.eleusal.com\/#organization\",\"name\":\"ELE USAL Gran Canaria\",\"url\":\"https:\/\/grancanaria.eleusal.com\/\",\"logo\":{\"@type\":\"ImageObject\",\"inLanguage\":\"es\",\"@id\":\"https:\/\/grancanaria.eleusal.com\/#\/schema\/logo\/image\/\",\"url\":\"https:\/\/grancanaria.eleusal.com\/wp-content\/uploads\/sites\/13\/2019\/10\/ELE-USAL-GranCanaria.png\",\"contentUrl\":\"https:\/\/grancanaria.eleusal.com\/wp-content\/uploads\/sites\/13\/2019\/10\/ELE-USAL-GranCanaria.png\",\"width\":909,\"height\":45,\"caption\":\"ELE USAL Gran Canaria\"},\"image\":{\"@id\":\"https:\/\/grancanaria.eleusal.com\/#\/schema\/logo\/image\/\"},\"sameAs\":[\"https:\/\/www.facebook.com\/eleusalgrancanaria\/\",\"https:\/\/x.com\/usal_ele\",\"https:\/\/www.instagram.com\/p\/CDBJYbNiPPu\/\"]},{\"@type\":\"Person\",\"@id\":\"https:\/\/grancanaria.eleusal.com\/#\/schema\/person\/ddd30d342c0575fcb5237623c75b7b97\",\"name\":\"eleusal\",\"image\":{\"@type\":\"ImageObject\",\"inLanguage\":\"es\",\"@id\":\"https:\/\/grancanaria.eleusal.com\/#\/schema\/person\/image\/\",\"url\":\"https:\/\/secure.gravatar.com\/avatar\/2279402847b0a74a825d3ed89e1f1b67?s=96&d=mm&r=g\",\"contentUrl\":\"https:\/\/secure.gravatar.com\/avatar\/2279402847b0a74a825d3ed89e1f1b67?s=96&d=mm&r=g\",\"caption\":\"eleusal\"}}]}<\/script>\n<!-- \/ Yoast SEO plugin. -->","yoast_head_json":{"title":"Surf y cursos de espa\u00f1ol en ELE USAL Gran Canaria","description":"En nuestra escuela de espa\u00f1ol ELE USAL Gran Canaria podr\u00e1s aprender espa\u00f1ol y practicar surf. Contacta con nosotros para m\u00e1s informaci\u00f3n","robots":{"index":"index","follow":"follow","max-snippet":"max-snippet:-1","max-image-preview":"max-image-preview:large","max-video-preview":"max-video-preview:-1"},"canonical":"https:\/\/grancanaria.eleusal.com\/es\/surf-y-clases-de-espanol-en-gran-canaria\/","og_locale":"es_ES","og_type":"article","og_title":"Surf y cursos de espa\u00f1ol en ELE USAL Gran Canaria","og_description":"En nuestra escuela de espa\u00f1ol ELE USAL Gran Canaria podr\u00e1s aprender espa\u00f1ol y practicar surf. Contacta con nosotros para m\u00e1s informaci\u00f3n","og_url":"https:\/\/grancanaria.eleusal.com\/es\/surf-y-clases-de-espanol-en-gran-canaria\/","og_site_name":"ELE USAL Gran Canaria","article_publisher":"https:\/\/www.facebook.com\/eleusalgrancanaria\/","article_published_time":"2018-11-30T23:35:20+00:00","article_modified_time":"2019-11-19T08:20:16+00:00","og_image":[{"width":300,"height":199,"url":"https:\/\/grancanaria.eleusal.com\/wp-content\/uploads\/sites\/13\/2018\/11\/surf-y-clases-de-espa\u00f1ol.jpg","type":"image\/jpeg"}],"author":"eleusal","twitter_card":"summary_large_image","twitter_creator":"@usal_ele","twitter_site":"@usal_ele","twitter_misc":{"Escrito por":"eleusal","Tiempo de lectura":"2 minutos"},"schema":{"@context":"https:\/\/schema.org","@graph":[{"@type":"Article","@id":"https:\/\/grancanaria.eleusal.com\/es\/surf-y-clases-de-espanol-en-gran-canaria\/#article","isPartOf":{"@id":"https:\/\/grancanaria.eleusal.com\/es\/surf-y-clases-de-espanol-en-gran-canaria\/"},"author":{"name":"eleusal","@id":"https:\/\/grancanaria.eleusal.com\/#\/schema\/person\/ddd30d342c0575fcb5237623c75b7b97"},"headline":"SURF Y CLASES DE ESPA\u00d1OL EN GRAN CANARIA","datePublished":"2018-11-30T23:35:20+00:00","dateModified":"2019-11-19T08:20:16+00:00","mainEntityOfPage":{"@id":"https:\/\/grancanaria.eleusal.com\/es\/surf-y-clases-de-espanol-en-gran-canaria\/"},"wordCount":383,"publisher":{"@id":"https:\/\/grancanaria.eleusal.com\/#organization"},"image":{"@id":"https:\/\/grancanaria.eleusal.com\/es\/surf-y-clases-de-espanol-en-gran-canaria\/#primaryimage"},"thumbnailUrl":"https:\/\/grancanaria.eleusal.com\/wp-content\/uploads\/sites\/13\/2018\/11\/surf-y-clases-de-espa\u00f1ol.jpg","articleSection":["Sin categor\u00eda @de"],"inLanguage":"es"},{"@type":"WebPage","@id":"https:\/\/grancanaria.eleusal.com\/es\/surf-y-clases-de-espanol-en-gran-canaria\/","url":"https:\/\/grancanaria.eleusal.com\/es\/surf-y-clases-de-espanol-en-gran-canaria\/","name":"Surf y cursos de espa\u00f1ol en ELE USAL Gran Canaria","isPartOf":{"@id":"https:\/\/grancanaria.eleusal.com\/#website"},"primaryImageOfPage":{"@id":"https:\/\/grancanaria.eleusal.com\/es\/surf-y-clases-de-espanol-en-gran-canaria\/#primaryimage"},"image":{"@id":"https:\/\/grancanaria.eleusal.com\/es\/surf-y-clases-de-espanol-en-gran-canaria\/#primaryimage"},"thumbnailUrl":"https:\/\/grancanaria.eleusal.com\/wp-content\/uploads\/sites\/13\/2018\/11\/surf-y-clases-de-espa\u00f1ol.jpg","datePublished":"2018-11-30T23:35:20+00:00","dateModified":"2019-11-19T08:20:16+00:00","description":"En nuestra escuela de espa\u00f1ol ELE USAL Gran Canaria podr\u00e1s aprender espa\u00f1ol y practicar surf. Contacta con nosotros para m\u00e1s informaci\u00f3n","breadcrumb":{"@id":"https:\/\/grancanaria.eleusal.com\/es\/surf-y-clases-de-espanol-en-gran-canaria\/#breadcrumb"},"inLanguage":"es","potentialAction":[{"@type":"ReadAction","target":["https:\/\/grancanaria.eleusal.com\/es\/surf-y-clases-de-espanol-en-gran-canaria\/"]}]},{"@type":"ImageObject","inLanguage":"es","@id":"https:\/\/grancanaria.eleusal.com\/es\/surf-y-clases-de-espanol-en-gran-canaria\/#primaryimage","url":"https:\/\/grancanaria.eleusal.com\/wp-content\/uploads\/sites\/13\/2018\/11\/surf-y-clases-de-espa\u00f1ol.jpg","contentUrl":"https:\/\/grancanaria.eleusal.com\/wp-content\/uploads\/sites\/13\/2018\/11\/surf-y-clases-de-espa\u00f1ol.jpg","width":300,"height":199},{"@type":"BreadcrumbList","@id":"https:\/\/grancanaria.eleusal.com\/es\/surf-y-clases-de-espanol-en-gran-canaria\/#breadcrumb","itemListElement":[{"@type":"ListItem","position":1,"name":"Home","item":"https:\/\/grancanaria.eleusal.com\/es\/"},{"@type":"ListItem","position":2,"name":"SURF Y CLASES DE ESPA\u00d1OL EN GRAN CANARIA"}]},{"@type":"WebSite","@id":"https:\/\/grancanaria.eleusal.com\/#website","url":"https:\/\/grancanaria.eleusal.com\/","name":"ELE USAL Gran Canaria","description":"ELE USAL","publisher":{"@id":"https:\/\/grancanaria.eleusal.com\/#organization"},"potentialAction":[{"@type":"SearchAction","target":{"@type":"EntryPoint","urlTemplate":"https:\/\/grancanaria.eleusal.com\/?s={search_term_string}"},"query-input":{"@type":"PropertyValueSpecification","valueRequired":true,"valueName":"search_term_string"}}],"inLanguage":"es"},{"@type":"Organization","@id":"https:\/\/grancanaria.eleusal.com\/#organization","name":"ELE USAL Gran Canaria","url":"https:\/\/grancanaria.eleusal.com\/","logo":{"@type":"ImageObject","inLanguage":"es","@id":"https:\/\/grancanaria.eleusal.com\/#\/schema\/logo\/image\/","url":"https:\/\/grancanaria.eleusal.com\/wp-content\/uploads\/sites\/13\/2019\/10\/ELE-USAL-GranCanaria.png","contentUrl":"https:\/\/grancanaria.eleusal.com\/wp-content\/uploads\/sites\/13\/2019\/10\/ELE-USAL-GranCanaria.png","width":909,"height":45,"caption":"ELE USAL Gran Canaria"},"image":{"@id":"https:\/\/grancanaria.eleusal.com\/#\/schema\/logo\/image\/"},"sameAs":["https:\/\/www.facebook.com\/eleusalgrancanaria\/","https:\/\/x.com\/usal_ele","https:\/\/www.instagram.com\/p\/CDBJYbNiPPu\/"]},{"@type":"Person","@id":"https:\/\/grancanaria.eleusal.com\/#\/schema\/person\/ddd30d342c0575fcb5237623c75b7b97","name":"eleusal","image":{"@type":"ImageObject","inLanguage":"es","@id":"https:\/\/grancanaria.eleusal.com\/#\/schema\/person\/image\/","url":"https:\/\/secure.gravatar.com\/avatar\/2279402847b0a74a825d3ed89e1f1b67?s=96&d=mm&r=g","contentUrl":"https:\/\/secure.gravatar.com\/avatar\/2279402847b0a74a825d3ed89e1f1b67?s=96&d=mm&r=g","caption":"eleusal"}}]}},"_links":{"self":[{"href":"https:\/\/grancanaria.eleusal.com\/es\/wp-json\/wp\/v2\/posts\/1010","targetHints":{"allow":["GET"]}}],"collection":[{"href":"https:\/\/grancanaria.eleusal.com\/es\/wp-json\/wp\/v2\/posts"}],"about":[{"href":"https:\/\/grancanaria.eleusal.com\/es\/wp-json\/wp\/v2\/types\/post"}],"author":[{"embeddable":true,"href":"https:\/\/grancanaria.eleusal.com\/es\/wp-json\/wp\/v2\/users\/3"}],"replies":[{"embeddable":true,"href":"https:\/\/grancanaria.eleusal.com\/es\/wp-json\/wp\/v2\/comments?post=1010"}],"version-history":[{"count":1,"href":"https:\/\/grancanaria.eleusal.com\/es\/wp-json\/wp\/v2\/posts\/1010\/revisions"}],"predecessor-version":[{"id":1160,"href":"https:\/\/grancanaria.eleusal.com\/es\/wp-json\/wp\/v2\/posts\/1010\/revisions\/1160"}],"wp:featuredmedia":[{"embeddable":true,"href":"https:\/\/grancanaria.eleusal.com\/es\/wp-json\/wp\/v2\/media\/1059"}],"wp:attachment":[{"href":"https:\/\/grancanaria.eleusal.com\/es\/wp-json\/wp\/v2\/media?parent=1010"}],"wp:term":[{"taxonomy":"category","embeddable":true,"href":"https:\/\/grancanaria.eleusal.com\/es\/wp-json\/wp\/v2\/categories?post=1010"},{"taxonomy":"post_tag","embeddable":true,"href":"https:\/\/grancanaria.eleusal.com\/es\/wp-json\/wp\/v2\/tags?post=1010"}],"curies":[{"name":"wp","href":"https:\/\/api.w.org\/{rel}","templated":true}]}}