{"id":1011,"date":"2018-12-30T18:50:13","date_gmt":"2018-12-30T18:50:13","guid":{"rendered":"https:\/\/grancanaria.eleusal.com\/?p=413"},"modified":"2019-11-19T09:18:28","modified_gmt":"2019-11-19T08:18:28","slug":"visita-al-mercado-de-vegueta","status":"publish","type":"post","link":"https:\/\/grancanaria.eleusal.com\/es\/visita-al-mercado-de-vegueta\/","title":{"rendered":"VISITA AL MERCADO DE VEGUETA"},"content":{"rendered":"<p><!-- p.p1 {margin: 0.0px 0.0px 0.0px 0.0px; font: 12.0px Helvetica} p.p2 {margin: 0.0px 0.0px 0.0px 0.0px; font: 12.0px Helvetica; min-height: 14.0px} -->El <strong>mercado de Vegueta<\/strong>, construido en 1856, es uno de los lugares que usamos en ELE USAL Gran Canaria para que nuestros estudiantes practiquen loue han aprendido en nuestros cursos de espa\u00f1ol. El mercado est\u00e1 situado en el <strong>barrio de Vegueta<\/strong>,muy cerca de paseo mar\u00edtimo, y en \u00e9l hay una gran variedad de puestos d\u00f3nde puedes conseguir <strong>productos canarios de calidad y a buen precio<\/strong>.<\/p>\n<p>Uno de los m\u00e1s famosos y antiguos es el <strong>puesto de frutas y verduras \u201cJos\u00e9 y Alicia\u201d<\/strong>. Aqu\u00ed, puedes encontrar productos, no solo canarios, si no de <a href=\"https:\/\/grancanaria.eleusal.com\/es\/\" rel=\"attachment wp-att-411\"><img loading=\"lazy\" decoding=\"async\" class=\"alignright size-medium wp-image-411\" src=\"http:\/\/grancanaria.eleusal.com\/files\/2018\/12\/WhatsApp-Image-2018-12-22-at-13.36.58-300x168.jpeg\" alt=\"WhatsApp Image 2018-12-22 at 13.36.58\" width=\"300\" height=\"168\" \/><\/a>todo el mundo. Jos\u00e9, que se cri\u00f3 en el mercado, es el due\u00f1o del puesto y si te acercas a menos de 10 metros de supuesto, ya no podr\u00e1s salir sin probar alguno de sus productos. Jos\u00e9 no deja que ninguno de sus clientes deje su puesto sin realizar una amplia <strong>degustaci\u00f3n<\/strong> de mangas de Mog\u00e1n, pi\u00f1as de G\u00e1ldar, pitaya de Indonesia hecha en Canarias, cocos, mandarinas, fresas, pl\u00e1tanos y mucho m\u00e1s.<\/p>\n<p>Ninguno de nuestros alumnos se va sin <strong>aprender nuevas palabras asociadas a los sabores, olores y colores de los productos canarios<\/strong>. Los canarios son conocidos por su trato c\u00e1lido y su cercan\u00eda; en el mercado de Vegueta podr\u00e1s experimentar. Aqu\u00ed, todo es simpat\u00eda y parece que todo el mundo te conoce.<\/p>\n<p>Dicen que si quieres conocer el alma de una ciudad, debes visitar su mercado de abastos y relacionarte con su gente. En el mercado de Vegueta podr\u00e1s experimentar el <strong>esp\u00edritu canario<\/strong> en persona. Aqu\u00ed, todo es simpat\u00eda y parece que todo el mundo te conoce.<\/p>\n<p>As\u00ed que, \u00a1an\u00edmate y ven a visitar nuestro mercado de Vegueta con nosotros y <strong>descubre el aut\u00e9ntico sabor canario!<\/strong><\/p>\n","protected":false},"excerpt":{"rendered":"<p>El mercado de Vegueta, construido en 1856, es uno de los lugares que usamos en ELE USAL Gran Canaria para que nuestros estudiantes practiquen loue han aprendido en nuestros cursos de espa\u00f1ol. El mercado est\u00e1 situado en el barrio de Vegueta,muy cerca de paseo mar\u00edtimo,&#8230;<\/p>\n","protected":false},"author":3,"featured_media":1057,"comment_status":"closed","ping_status":"closed","sticky":false,"template":"","format":"standard","meta":{"footnotes":""},"categories":[124],"tags":[],"class_list":["post-1011","post","type-post","status-publish","format-standard","has-post-thumbnail","hentry","category-sin-categoria-de"],"yoast_head":"<!-- This site is optimized with the Yoast SEO plugin v24.2 - https:\/\/yoast.com\/wordpress\/plugins\/seo\/ -->\n<title>Visita al mercado de Vegueta con ELE USAL Gran Canaria<\/title>\n<meta name=\"description\" content=\"En ELE USAL Gran Canaria puedes aprender espa\u00f1ol y poner en practicas tus conocimientos visitando el mercado de Vegueta, uno de los m\u00e1s antiguos de la isla\" \/>\n<meta name=\"robots\" content=\"index, follow, max-snippet:-1, max-image-preview:large, max-video-preview:-1\" \/>\n<link rel=\"canonical\" href=\"https:\/\/grancanaria.eleusal.com\/es\/visita-al-mercado-de-vegueta\/\" \/>\n<meta property=\"og:locale\" content=\"es_ES\" \/>\n<meta property=\"og:type\" content=\"article\" \/>\n<meta property=\"og:title\" content=\"Visita al mercado de Vegueta con ELE USAL Gran Canaria\" \/>\n<meta property=\"og:description\" content=\"En ELE USAL Gran Canaria puedes aprender espa\u00f1ol y poner en practicas tus conocimientos visitando el mercado de Vegueta, uno de los m\u00e1s antiguos de la isla\" \/>\n<meta property=\"og:url\" content=\"https:\/\/grancanaria.eleusal.com\/es\/visita-al-mercado-de-vegueta\/\" \/>\n<meta property=\"og:site_name\" content=\"ELE USAL Gran Canaria\" \/>\n<meta property=\"article:publisher\" content=\"https:\/\/www.facebook.com\/eleusalgrancanaria\/\" \/>\n<meta property=\"article:published_time\" content=\"2018-12-30T18:50:13+00:00\" \/>\n<meta property=\"article:modified_time\" content=\"2019-11-19T08:18:28+00:00\" \/>\n<meta property=\"og:image\" content=\"https:\/\/grancanaria.eleusal.com\/wp-content\/uploads\/sites\/13\/2018\/12\/vegueta.jpg\" \/>\n\t<meta property=\"og:image:width\" content=\"1328\" \/>\n\t<meta property=\"og:image:height\" content=\"747\" \/>\n\t<meta property=\"og:image:type\" content=\"image\/jpeg\" \/>\n<meta name=\"author\" content=\"eleusal\" \/>\n<meta name=\"twitter:card\" content=\"summary_large_image\" \/>\n<meta name=\"twitter:creator\" content=\"@usal_ele\" \/>\n<meta name=\"twitter:site\" content=\"@usal_ele\" \/>\n<meta name=\"twitter:label1\" content=\"Escrito por\" \/>\n\t<meta name=\"twitter:data1\" content=\"eleusal\" \/>\n\t<meta name=\"twitter:label2\" content=\"Tiempo de lectura\" \/>\n\t<meta name=\"twitter:data2\" content=\"1 minuto\" \/>\n<script type=\"application\/ld+json\" class=\"yoast-schema-graph\">{\"@context\":\"https:\/\/schema.org\",\"@graph\":[{\"@type\":\"Article\",\"@id\":\"https:\/\/grancanaria.eleusal.com\/es\/visita-al-mercado-de-vegueta\/#article\",\"isPartOf\":{\"@id\":\"https:\/\/grancanaria.eleusal.com\/es\/visita-al-mercado-de-vegueta\/\"},\"author\":{\"name\":\"eleusal\",\"@id\":\"https:\/\/grancanaria.eleusal.com\/#\/schema\/person\/ddd30d342c0575fcb5237623c75b7b97\"},\"headline\":\"VISITA AL MERCADO DE VEGUETA\",\"datePublished\":\"2018-12-30T18:50:13+00:00\",\"dateModified\":\"2019-11-19T08:18:28+00:00\",\"mainEntityOfPage\":{\"@id\":\"https:\/\/grancanaria.eleusal.com\/es\/visita-al-mercado-de-vegueta\/\"},\"wordCount\":304,\"publisher\":{\"@id\":\"https:\/\/grancanaria.eleusal.com\/#organization\"},\"image\":{\"@id\":\"https:\/\/grancanaria.eleusal.com\/es\/visita-al-mercado-de-vegueta\/#primaryimage\"},\"thumbnailUrl\":\"https:\/\/grancanaria.eleusal.com\/wp-content\/uploads\/sites\/13\/2018\/12\/vegueta.jpg\",\"articleSection\":[\"Sin categor\u00eda @de\"],\"inLanguage\":\"es\"},{\"@type\":\"WebPage\",\"@id\":\"https:\/\/grancanaria.eleusal.com\/es\/visita-al-mercado-de-vegueta\/\",\"url\":\"https:\/\/grancanaria.eleusal.com\/es\/visita-al-mercado-de-vegueta\/\",\"name\":\"Visita al mercado de Vegueta con ELE USAL Gran Canaria\",\"isPartOf\":{\"@id\":\"https:\/\/grancanaria.eleusal.com\/#website\"},\"primaryImageOfPage\":{\"@id\":\"https:\/\/grancanaria.eleusal.com\/es\/visita-al-mercado-de-vegueta\/#primaryimage\"},\"image\":{\"@id\":\"https:\/\/grancanaria.eleusal.com\/es\/visita-al-mercado-de-vegueta\/#primaryimage\"},\"thumbnailUrl\":\"https:\/\/grancanaria.eleusal.com\/wp-content\/uploads\/sites\/13\/2018\/12\/vegueta.jpg\",\"datePublished\":\"2018-12-30T18:50:13+00:00\",\"dateModified\":\"2019-11-19T08:18:28+00:00\",\"description\":\"En ELE USAL Gran Canaria puedes aprender espa\u00f1ol y poner en practicas tus conocimientos visitando el mercado de Vegueta, uno de los m\u00e1s antiguos de la isla\",\"breadcrumb\":{\"@id\":\"https:\/\/grancanaria.eleusal.com\/es\/visita-al-mercado-de-vegueta\/#breadcrumb\"},\"inLanguage\":\"es\",\"potentialAction\":[{\"@type\":\"ReadAction\",\"target\":[\"https:\/\/grancanaria.eleusal.com\/es\/visita-al-mercado-de-vegueta\/\"]}]},{\"@type\":\"ImageObject\",\"inLanguage\":\"es\",\"@id\":\"https:\/\/grancanaria.eleusal.com\/es\/visita-al-mercado-de-vegueta\/#primaryimage\",\"url\":\"https:\/\/grancanaria.eleusal.com\/wp-content\/uploads\/sites\/13\/2018\/12\/vegueta.jpg\",\"contentUrl\":\"https:\/\/grancanaria.eleusal.com\/wp-content\/uploads\/sites\/13\/2018\/12\/vegueta.jpg\",\"width\":1328,\"height\":747},{\"@type\":\"BreadcrumbList\",\"@id\":\"https:\/\/grancanaria.eleusal.com\/es\/visita-al-mercado-de-vegueta\/#breadcrumb\",\"itemListElement\":[{\"@type\":\"ListItem\",\"position\":1,\"name\":\"Home\",\"item\":\"https:\/\/grancanaria.eleusal.com\/es\/\"},{\"@type\":\"ListItem\",\"position\":2,\"name\":\"VISITA AL MERCADO DE VEGUETA\"}]},{\"@type\":\"WebSite\",\"@id\":\"https:\/\/grancanaria.eleusal.com\/#website\",\"url\":\"https:\/\/grancanaria.eleusal.com\/\",\"name\":\"ELE USAL Gran Canaria\",\"description\":\"ELE USAL\",\"publisher\":{\"@id\":\"https:\/\/grancanaria.eleusal.com\/#organization\"},\"potentialAction\":[{\"@type\":\"SearchAction\",\"target\":{\"@type\":\"EntryPoint\",\"urlTemplate\":\"https:\/\/grancanaria.eleusal.com\/?s={search_term_string}\"},\"query-input\":{\"@type\":\"PropertyValueSpecification\",\"valueRequired\":true,\"valueName\":\"search_term_string\"}}],\"inLanguage\":\"es\"},{\"@type\":\"Organization\",\"@id\":\"https:\/\/grancanaria.eleusal.com\/#organization\",\"name\":\"ELE USAL Gran Canaria\",\"url\":\"https:\/\/grancanaria.eleusal.com\/\",\"logo\":{\"@type\":\"ImageObject\",\"inLanguage\":\"es\",\"@id\":\"https:\/\/grancanaria.eleusal.com\/#\/schema\/logo\/image\/\",\"url\":\"https:\/\/grancanaria.eleusal.com\/wp-content\/uploads\/sites\/13\/2019\/10\/ELE-USAL-GranCanaria.png\",\"contentUrl\":\"https:\/\/grancanaria.eleusal.com\/wp-content\/uploads\/sites\/13\/2019\/10\/ELE-USAL-GranCanaria.png\",\"width\":909,\"height\":45,\"caption\":\"ELE USAL Gran Canaria\"},\"image\":{\"@id\":\"https:\/\/grancanaria.eleusal.com\/#\/schema\/logo\/image\/\"},\"sameAs\":[\"https:\/\/www.facebook.com\/eleusalgrancanaria\/\",\"https:\/\/x.com\/usal_ele\",\"https:\/\/www.instagram.com\/p\/CDBJYbNiPPu\/\"]},{\"@type\":\"Person\",\"@id\":\"https:\/\/grancanaria.eleusal.com\/#\/schema\/person\/ddd30d342c0575fcb5237623c75b7b97\",\"name\":\"eleusal\",\"image\":{\"@type\":\"ImageObject\",\"inLanguage\":\"es\",\"@id\":\"https:\/\/grancanaria.eleusal.com\/#\/schema\/person\/image\/\",\"url\":\"https:\/\/secure.gravatar.com\/avatar\/2279402847b0a74a825d3ed89e1f1b67?s=96&d=mm&r=g\",\"contentUrl\":\"https:\/\/secure.gravatar.com\/avatar\/2279402847b0a74a825d3ed89e1f1b67?s=96&d=mm&r=g\",\"caption\":\"eleusal\"}}]}<\/script>\n<!-- \/ Yoast SEO plugin. -->","yoast_head_json":{"title":"Visita al mercado de Vegueta con ELE USAL Gran Canaria","description":"En ELE USAL Gran Canaria puedes aprender espa\u00f1ol y poner en practicas tus conocimientos visitando el mercado de Vegueta, uno de los m\u00e1s antiguos de la isla","robots":{"index":"index","follow":"follow","max-snippet":"max-snippet:-1","max-image-preview":"max-image-preview:large","max-video-preview":"max-video-preview:-1"},"canonical":"https:\/\/grancanaria.eleusal.com\/es\/visita-al-mercado-de-vegueta\/","og_locale":"es_ES","og_type":"article","og_title":"Visita al mercado de Vegueta con ELE USAL Gran Canaria","og_description":"En ELE USAL Gran Canaria puedes aprender espa\u00f1ol y poner en practicas tus conocimientos visitando el mercado de Vegueta, uno de los m\u00e1s antiguos de la isla","og_url":"https:\/\/grancanaria.eleusal.com\/es\/visita-al-mercado-de-vegueta\/","og_site_name":"ELE USAL Gran Canaria","article_publisher":"https:\/\/www.facebook.com\/eleusalgrancanaria\/","article_published_time":"2018-12-30T18:50:13+00:00","article_modified_time":"2019-11-19T08:18:28+00:00","og_image":[{"width":1328,"height":747,"url":"https:\/\/grancanaria.eleusal.com\/wp-content\/uploads\/sites\/13\/2018\/12\/vegueta.jpg","type":"image\/jpeg"}],"author":"eleusal","twitter_card":"summary_large_image","twitter_creator":"@usal_ele","twitter_site":"@usal_ele","twitter_misc":{"Escrito por":"eleusal","Tiempo de lectura":"1 minuto"},"schema":{"@context":"https:\/\/schema.org","@graph":[{"@type":"Article","@id":"https:\/\/grancanaria.eleusal.com\/es\/visita-al-mercado-de-vegueta\/#article","isPartOf":{"@id":"https:\/\/grancanaria.eleusal.com\/es\/visita-al-mercado-de-vegueta\/"},"author":{"name":"eleusal","@id":"https:\/\/grancanaria.eleusal.com\/#\/schema\/person\/ddd30d342c0575fcb5237623c75b7b97"},"headline":"VISITA AL MERCADO DE VEGUETA","datePublished":"2018-12-30T18:50:13+00:00","dateModified":"2019-11-19T08:18:28+00:00","mainEntityOfPage":{"@id":"https:\/\/grancanaria.eleusal.com\/es\/visita-al-mercado-de-vegueta\/"},"wordCount":304,"publisher":{"@id":"https:\/\/grancanaria.eleusal.com\/#organization"},"image":{"@id":"https:\/\/grancanaria.eleusal.com\/es\/visita-al-mercado-de-vegueta\/#primaryimage"},"thumbnailUrl":"https:\/\/grancanaria.eleusal.com\/wp-content\/uploads\/sites\/13\/2018\/12\/vegueta.jpg","articleSection":["Sin categor\u00eda @de"],"inLanguage":"es"},{"@type":"WebPage","@id":"https:\/\/grancanaria.eleusal.com\/es\/visita-al-mercado-de-vegueta\/","url":"https:\/\/grancanaria.eleusal.com\/es\/visita-al-mercado-de-vegueta\/","name":"Visita al mercado de Vegueta con ELE USAL Gran Canaria","isPartOf":{"@id":"https:\/\/grancanaria.eleusal.com\/#website"},"primaryImageOfPage":{"@id":"https:\/\/grancanaria.eleusal.com\/es\/visita-al-mercado-de-vegueta\/#primaryimage"},"image":{"@id":"https:\/\/grancanaria.eleusal.com\/es\/visita-al-mercado-de-vegueta\/#primaryimage"},"thumbnailUrl":"https:\/\/grancanaria.eleusal.com\/wp-content\/uploads\/sites\/13\/2018\/12\/vegueta.jpg","datePublished":"2018-12-30T18:50:13+00:00","dateModified":"2019-11-19T08:18:28+00:00","description":"En ELE USAL Gran Canaria puedes aprender espa\u00f1ol y poner en practicas tus conocimientos visitando el mercado de Vegueta, uno de los m\u00e1s antiguos de la isla","breadcrumb":{"@id":"https:\/\/grancanaria.eleusal.com\/es\/visita-al-mercado-de-vegueta\/#breadcrumb"},"inLanguage":"es","potentialAction":[{"@type":"ReadAction","target":["https:\/\/grancanaria.eleusal.com\/es\/visita-al-mercado-de-vegueta\/"]}]},{"@type":"ImageObject","inLanguage":"es","@id":"https:\/\/grancanaria.eleusal.com\/es\/visita-al-mercado-de-vegueta\/#primaryimage","url":"https:\/\/grancanaria.eleusal.com\/wp-content\/uploads\/sites\/13\/2018\/12\/vegueta.jpg","contentUrl":"https:\/\/grancanaria.eleusal.com\/wp-content\/uploads\/sites\/13\/2018\/12\/vegueta.jpg","width":1328,"height":747},{"@type":"BreadcrumbList","@id":"https:\/\/grancanaria.eleusal.com\/es\/visita-al-mercado-de-vegueta\/#breadcrumb","itemListElement":[{"@type":"ListItem","position":1,"name":"Home","item":"https:\/\/grancanaria.eleusal.com\/es\/"},{"@type":"ListItem","position":2,"name":"VISITA AL MERCADO DE VEGUETA"}]},{"@type":"WebSite","@id":"https:\/\/grancanaria.eleusal.com\/#website","url":"https:\/\/grancanaria.eleusal.com\/","name":"ELE USAL Gran Canaria","description":"ELE USAL","publisher":{"@id":"https:\/\/grancanaria.eleusal.com\/#organization"},"potentialAction":[{"@type":"SearchAction","target":{"@type":"EntryPoint","urlTemplate":"https:\/\/grancanaria.eleusal.com\/?s={search_term_string}"},"query-input":{"@type":"PropertyValueSpecification","valueRequired":true,"valueName":"search_term_string"}}],"inLanguage":"es"},{"@type":"Organization","@id":"https:\/\/grancanaria.eleusal.com\/#organization","name":"ELE USAL Gran Canaria","url":"https:\/\/grancanaria.eleusal.com\/","logo":{"@type":"ImageObject","inLanguage":"es","@id":"https:\/\/grancanaria.eleusal.com\/#\/schema\/logo\/image\/","url":"https:\/\/grancanaria.eleusal.com\/wp-content\/uploads\/sites\/13\/2019\/10\/ELE-USAL-GranCanaria.png","contentUrl":"https:\/\/grancanaria.eleusal.com\/wp-content\/uploads\/sites\/13\/2019\/10\/ELE-USAL-GranCanaria.png","width":909,"height":45,"caption":"ELE USAL Gran Canaria"},"image":{"@id":"https:\/\/grancanaria.eleusal.com\/#\/schema\/logo\/image\/"},"sameAs":["https:\/\/www.facebook.com\/eleusalgrancanaria\/","https:\/\/x.com\/usal_ele","https:\/\/www.instagram.com\/p\/CDBJYbNiPPu\/"]},{"@type":"Person","@id":"https:\/\/grancanaria.eleusal.com\/#\/schema\/person\/ddd30d342c0575fcb5237623c75b7b97","name":"eleusal","image":{"@type":"ImageObject","inLanguage":"es","@id":"https:\/\/grancanaria.eleusal.com\/#\/schema\/person\/image\/","url":"https:\/\/secure.gravatar.com\/avatar\/2279402847b0a74a825d3ed89e1f1b67?s=96&d=mm&r=g","contentUrl":"https:\/\/secure.gravatar.com\/avatar\/2279402847b0a74a825d3ed89e1f1b67?s=96&d=mm&r=g","caption":"eleusal"}}]}},"_links":{"self":[{"href":"https:\/\/grancanaria.eleusal.com\/es\/wp-json\/wp\/v2\/posts\/1011","targetHints":{"allow":["GET"]}}],"collection":[{"href":"https:\/\/grancanaria.eleusal.com\/es\/wp-json\/wp\/v2\/posts"}],"about":[{"href":"https:\/\/grancanaria.eleusal.com\/es\/wp-json\/wp\/v2\/types\/post"}],"author":[{"embeddable":true,"href":"https:\/\/grancanaria.eleusal.com\/es\/wp-json\/wp\/v2\/users\/3"}],"replies":[{"embeddable":true,"href":"https:\/\/grancanaria.eleusal.com\/es\/wp-json\/wp\/v2\/comments?post=1011"}],"version-history":[{"count":2,"href":"https:\/\/grancanaria.eleusal.com\/es\/wp-json\/wp\/v2\/posts\/1011\/revisions"}],"predecessor-version":[{"id":1159,"href":"https:\/\/grancanaria.eleusal.com\/es\/wp-json\/wp\/v2\/posts\/1011\/revisions\/1159"}],"wp:featuredmedia":[{"embeddable":true,"href":"https:\/\/grancanaria.eleusal.com\/es\/wp-json\/wp\/v2\/media\/1057"}],"wp:attachment":[{"href":"https:\/\/grancanaria.eleusal.com\/es\/wp-json\/wp\/v2\/media?parent=1011"}],"wp:term":[{"taxonomy":"category","embeddable":true,"href":"https:\/\/grancanaria.eleusal.com\/es\/wp-json\/wp\/v2\/categories?post=1011"},{"taxonomy":"post_tag","embeddable":true,"href":"https:\/\/grancanaria.eleusal.com\/es\/wp-json\/wp\/v2\/tags?post=1011"}],"curies":[{"name":"wp","href":"https:\/\/api.w.org\/{rel}","templated":true}]}}