{"id":1013,"date":"2019-05-07T10:56:01","date_gmt":"2019-05-07T10:56:01","guid":{"rendered":"https:\/\/grancanaria.eleusal.com\/?p=504"},"modified":"2019-11-19T09:11:33","modified_gmt":"2019-11-19T08:11:33","slug":"el-friki-bar-de-las-palmas","status":"publish","type":"post","link":"https:\/\/grancanaria.eleusal.com\/es\/el-friki-bar-de-las-palmas\/","title":{"rendered":"EL FRIKI BAR DE LAS PALMAS"},"content":{"rendered":"<p>Las Palmas de G. C. ya tiene su primer bar freak. Muchos a\u00f1os ha que baraj\u00e1bamos la idea de que se deb\u00eda montar un bar en Las Palmas con una tem\u00e1tica diferente a los dem\u00e1s bares y lugares de encuentro y ocio de la ciudad. El Friki Bar Gran Canaria, situado en la calle Domingo J. Navarro 47, ya est\u00e1 abierto al p\u00fablico.<a href=\"https:\/\/grancanaria.eleusal.com\/es\/spanish-courses-in-gran-canaria\/305-revision-v1\/\" rel=\"attachment wp-att-505\"><img loading=\"lazy\" decoding=\"async\" class=\"size-medium wp-image-505 alignleft\" src=\"http:\/\/grancanaria.eleusal.com\/files\/2019\/05\/WhatsApp-Image-2019-05-06-at-10.18.54-225x300.jpeg\" alt=\"WhatsApp Image 2019-05-06 at 10.18.54\" width=\"225\" height=\"300\" \/><\/a><\/p>\n<p>En \u00e9l, podr\u00e1s elegir entre tomarte una de sus muchas cervezas nacionales y de importaci\u00f3n mientras juegas al Cluedo o al Trivial Pursuit, o pedir un caf\u00e9 mientras pasas la sobremesa compitiendo en las carreras y batallas del Mario Kart . Y es que este bar no solo ofrece una gran abanico de bebidas y un variado men\u00fa, sino que tambi\u00e9n ofrece una amplia gama de juegos de mesa, juegos de cartas y videojuegos (mega drive, master system, atari, nintendo 64, etc.).<\/p>\n<p>Al entrar en este local, te sientes como en casa -tanto si te consideras un friki como si no-. Su amable y simp\u00e1tico personal siempre atiende tus necesidades con una amplia sonrisa. Adem\u00e1s, cada semana se organiza un evento relacionado con la tem\u00e1tica de alguna pel\u00edcula o videojuego (Star Wars, Pokemon o The Avengers), durante los cuales se organizan sorteos, concursos de disfraces y misiones de todo tipo d\u00f3nde puedes poner a prueba tu destreza y tu fuerza sin tirar ning\u00fan dado.<a href=\"https:\/\/grancanaria.eleusal.com\/es\/\" rel=\"attachment wp-att-506\"><img loading=\"lazy\" decoding=\"async\" class=\"size-medium wp-image-506 alignright\" src=\"http:\/\/grancanaria.eleusal.com\/files\/2019\/05\/WhatsApp-Image-2019-05-04-at-23.11.46-300x225.jpeg\" alt=\"WhatsApp Image 2019-05-04 at 23.11.46\" width=\"300\" height=\"225\" \/><\/a><\/p>\n<p>En ELE USAL Gran Canaria ya hemos disfrutado de este bar y vamos a volver. Ven con nosotros a pasar una tarde inolvidable y llena de experiencias retrocompatibles, anal\u00f3gicas y digitales.<\/p>\n<p>&nbsp;<\/p>\n","protected":false},"excerpt":{"rendered":"<p>Las Palmas de G. C. ya tiene su primer bar freak. Muchos a\u00f1os ha que baraj\u00e1bamos la idea de que se deb\u00eda montar un bar en Las Palmas con una tem\u00e1tica diferente a los dem\u00e1s bares y lugares de encuentro y ocio de la ciudad&#8230;.<\/p>\n","protected":false},"author":3,"featured_media":1051,"comment_status":"closed","ping_status":"closed","sticky":false,"template":"","format":"standard","meta":{"footnotes":""},"categories":[93],"tags":[],"class_list":["post-1013","post","type-post","status-publish","format-standard","has-post-thumbnail","hentry","category-sin-categorizar"],"yoast_head":"<!-- This site is optimized with the Yoast SEO plugin v24.2 - https:\/\/yoast.com\/wordpress\/plugins\/seo\/ -->\n<title>EL FRIKI BAR DE LAS PALMAS - ELE USAL Gran Canaria<\/title>\n<meta name=\"robots\" content=\"index, follow, max-snippet:-1, max-image-preview:large, max-video-preview:-1\" \/>\n<link rel=\"canonical\" href=\"https:\/\/grancanaria.eleusal.com\/es\/el-friki-bar-de-las-palmas\/\" \/>\n<meta property=\"og:locale\" content=\"es_ES\" \/>\n<meta property=\"og:type\" content=\"article\" \/>\n<meta property=\"og:title\" content=\"EL FRIKI BAR DE LAS PALMAS - ELE USAL Gran Canaria\" \/>\n<meta property=\"og:description\" content=\"Las Palmas de G. C. ya tiene su primer bar freak. Muchos a\u00f1os ha que baraj\u00e1bamos la idea de que se deb\u00eda montar un bar en Las Palmas con una tem\u00e1tica diferente a los dem\u00e1s bares y lugares de encuentro y ocio de la ciudad....\" \/>\n<meta property=\"og:url\" content=\"https:\/\/grancanaria.eleusal.com\/es\/el-friki-bar-de-las-palmas\/\" \/>\n<meta property=\"og:site_name\" content=\"ELE USAL Gran Canaria\" \/>\n<meta property=\"article:publisher\" content=\"https:\/\/www.facebook.com\/eleusalgrancanaria\/\" \/>\n<meta property=\"article:published_time\" content=\"2019-05-07T10:56:01+00:00\" \/>\n<meta property=\"article:modified_time\" content=\"2019-11-19T08:11:33+00:00\" \/>\n<meta property=\"og:image\" content=\"https:\/\/grancanaria.eleusal.com\/wp-content\/uploads\/sites\/13\/2019\/05\/friki-bar.jpg\" \/>\n\t<meta property=\"og:image:width\" content=\"300\" \/>\n\t<meta property=\"og:image:height\" content=\"225\" \/>\n\t<meta property=\"og:image:type\" content=\"image\/jpeg\" \/>\n<meta name=\"author\" content=\"eleusal\" \/>\n<meta name=\"twitter:card\" content=\"summary_large_image\" \/>\n<meta name=\"twitter:creator\" content=\"@usal_ele\" \/>\n<meta name=\"twitter:site\" content=\"@usal_ele\" \/>\n<meta name=\"twitter:label1\" content=\"Escrito por\" \/>\n\t<meta name=\"twitter:data1\" content=\"eleusal\" \/>\n\t<meta name=\"twitter:label2\" content=\"Tiempo de lectura\" \/>\n\t<meta name=\"twitter:data2\" content=\"1 minuto\" \/>\n<script type=\"application\/ld+json\" class=\"yoast-schema-graph\">{\"@context\":\"https:\/\/schema.org\",\"@graph\":[{\"@type\":\"Article\",\"@id\":\"https:\/\/grancanaria.eleusal.com\/es\/el-friki-bar-de-las-palmas\/#article\",\"isPartOf\":{\"@id\":\"https:\/\/grancanaria.eleusal.com\/es\/el-friki-bar-de-las-palmas\/\"},\"author\":{\"name\":\"eleusal\",\"@id\":\"https:\/\/grancanaria.eleusal.com\/#\/schema\/person\/ddd30d342c0575fcb5237623c75b7b97\"},\"headline\":\"EL FRIKI BAR DE LAS PALMAS\",\"datePublished\":\"2019-05-07T10:56:01+00:00\",\"dateModified\":\"2019-11-19T08:11:33+00:00\",\"mainEntityOfPage\":{\"@id\":\"https:\/\/grancanaria.eleusal.com\/es\/el-friki-bar-de-las-palmas\/\"},\"wordCount\":278,\"publisher\":{\"@id\":\"https:\/\/grancanaria.eleusal.com\/#organization\"},\"image\":{\"@id\":\"https:\/\/grancanaria.eleusal.com\/es\/el-friki-bar-de-las-palmas\/#primaryimage\"},\"thumbnailUrl\":\"https:\/\/grancanaria.eleusal.com\/wp-content\/uploads\/sites\/13\/2019\/05\/friki-bar.jpg\",\"articleSection\":[\"Sin categorizar\"],\"inLanguage\":\"es\"},{\"@type\":\"WebPage\",\"@id\":\"https:\/\/grancanaria.eleusal.com\/es\/el-friki-bar-de-las-palmas\/\",\"url\":\"https:\/\/grancanaria.eleusal.com\/es\/el-friki-bar-de-las-palmas\/\",\"name\":\"EL FRIKI BAR DE LAS PALMAS - ELE USAL Gran Canaria\",\"isPartOf\":{\"@id\":\"https:\/\/grancanaria.eleusal.com\/#website\"},\"primaryImageOfPage\":{\"@id\":\"https:\/\/grancanaria.eleusal.com\/es\/el-friki-bar-de-las-palmas\/#primaryimage\"},\"image\":{\"@id\":\"https:\/\/grancanaria.eleusal.com\/es\/el-friki-bar-de-las-palmas\/#primaryimage\"},\"thumbnailUrl\":\"https:\/\/grancanaria.eleusal.com\/wp-content\/uploads\/sites\/13\/2019\/05\/friki-bar.jpg\",\"datePublished\":\"2019-05-07T10:56:01+00:00\",\"dateModified\":\"2019-11-19T08:11:33+00:00\",\"breadcrumb\":{\"@id\":\"https:\/\/grancanaria.eleusal.com\/es\/el-friki-bar-de-las-palmas\/#breadcrumb\"},\"inLanguage\":\"es\",\"potentialAction\":[{\"@type\":\"ReadAction\",\"target\":[\"https:\/\/grancanaria.eleusal.com\/es\/el-friki-bar-de-las-palmas\/\"]}]},{\"@type\":\"ImageObject\",\"inLanguage\":\"es\",\"@id\":\"https:\/\/grancanaria.eleusal.com\/es\/el-friki-bar-de-las-palmas\/#primaryimage\",\"url\":\"https:\/\/grancanaria.eleusal.com\/wp-content\/uploads\/sites\/13\/2019\/05\/friki-bar.jpg\",\"contentUrl\":\"https:\/\/grancanaria.eleusal.com\/wp-content\/uploads\/sites\/13\/2019\/05\/friki-bar.jpg\",\"width\":300,\"height\":225},{\"@type\":\"BreadcrumbList\",\"@id\":\"https:\/\/grancanaria.eleusal.com\/es\/el-friki-bar-de-las-palmas\/#breadcrumb\",\"itemListElement\":[{\"@type\":\"ListItem\",\"position\":1,\"name\":\"Home\",\"item\":\"https:\/\/grancanaria.eleusal.com\/es\/\"},{\"@type\":\"ListItem\",\"position\":2,\"name\":\"EL FRIKI BAR DE LAS PALMAS\"}]},{\"@type\":\"WebSite\",\"@id\":\"https:\/\/grancanaria.eleusal.com\/#website\",\"url\":\"https:\/\/grancanaria.eleusal.com\/\",\"name\":\"ELE USAL Gran Canaria\",\"description\":\"ELE USAL\",\"publisher\":{\"@id\":\"https:\/\/grancanaria.eleusal.com\/#organization\"},\"potentialAction\":[{\"@type\":\"SearchAction\",\"target\":{\"@type\":\"EntryPoint\",\"urlTemplate\":\"https:\/\/grancanaria.eleusal.com\/?s={search_term_string}\"},\"query-input\":{\"@type\":\"PropertyValueSpecification\",\"valueRequired\":true,\"valueName\":\"search_term_string\"}}],\"inLanguage\":\"es\"},{\"@type\":\"Organization\",\"@id\":\"https:\/\/grancanaria.eleusal.com\/#organization\",\"name\":\"ELE USAL Gran Canaria\",\"url\":\"https:\/\/grancanaria.eleusal.com\/\",\"logo\":{\"@type\":\"ImageObject\",\"inLanguage\":\"es\",\"@id\":\"https:\/\/grancanaria.eleusal.com\/#\/schema\/logo\/image\/\",\"url\":\"https:\/\/grancanaria.eleusal.com\/wp-content\/uploads\/sites\/13\/2019\/10\/ELE-USAL-GranCanaria.png\",\"contentUrl\":\"https:\/\/grancanaria.eleusal.com\/wp-content\/uploads\/sites\/13\/2019\/10\/ELE-USAL-GranCanaria.png\",\"width\":909,\"height\":45,\"caption\":\"ELE USAL Gran Canaria\"},\"image\":{\"@id\":\"https:\/\/grancanaria.eleusal.com\/#\/schema\/logo\/image\/\"},\"sameAs\":[\"https:\/\/www.facebook.com\/eleusalgrancanaria\/\",\"https:\/\/x.com\/usal_ele\",\"https:\/\/www.instagram.com\/p\/CDBJYbNiPPu\/\"]},{\"@type\":\"Person\",\"@id\":\"https:\/\/grancanaria.eleusal.com\/#\/schema\/person\/ddd30d342c0575fcb5237623c75b7b97\",\"name\":\"eleusal\",\"image\":{\"@type\":\"ImageObject\",\"inLanguage\":\"es\",\"@id\":\"https:\/\/grancanaria.eleusal.com\/#\/schema\/person\/image\/\",\"url\":\"https:\/\/secure.gravatar.com\/avatar\/2279402847b0a74a825d3ed89e1f1b67?s=96&d=mm&r=g\",\"contentUrl\":\"https:\/\/secure.gravatar.com\/avatar\/2279402847b0a74a825d3ed89e1f1b67?s=96&d=mm&r=g\",\"caption\":\"eleusal\"}}]}<\/script>\n<!-- \/ Yoast SEO plugin. -->","yoast_head_json":{"title":"EL FRIKI BAR DE LAS PALMAS - ELE USAL Gran Canaria","robots":{"index":"index","follow":"follow","max-snippet":"max-snippet:-1","max-image-preview":"max-image-preview:large","max-video-preview":"max-video-preview:-1"},"canonical":"https:\/\/grancanaria.eleusal.com\/es\/el-friki-bar-de-las-palmas\/","og_locale":"es_ES","og_type":"article","og_title":"EL FRIKI BAR DE LAS PALMAS - ELE USAL Gran Canaria","og_description":"Las Palmas de G. C. ya tiene su primer bar freak. Muchos a\u00f1os ha que baraj\u00e1bamos la idea de que se deb\u00eda montar un bar en Las Palmas con una tem\u00e1tica diferente a los dem\u00e1s bares y lugares de encuentro y ocio de la ciudad....","og_url":"https:\/\/grancanaria.eleusal.com\/es\/el-friki-bar-de-las-palmas\/","og_site_name":"ELE USAL Gran Canaria","article_publisher":"https:\/\/www.facebook.com\/eleusalgrancanaria\/","article_published_time":"2019-05-07T10:56:01+00:00","article_modified_time":"2019-11-19T08:11:33+00:00","og_image":[{"width":300,"height":225,"url":"https:\/\/grancanaria.eleusal.com\/wp-content\/uploads\/sites\/13\/2019\/05\/friki-bar.jpg","type":"image\/jpeg"}],"author":"eleusal","twitter_card":"summary_large_image","twitter_creator":"@usal_ele","twitter_site":"@usal_ele","twitter_misc":{"Escrito por":"eleusal","Tiempo de lectura":"1 minuto"},"schema":{"@context":"https:\/\/schema.org","@graph":[{"@type":"Article","@id":"https:\/\/grancanaria.eleusal.com\/es\/el-friki-bar-de-las-palmas\/#article","isPartOf":{"@id":"https:\/\/grancanaria.eleusal.com\/es\/el-friki-bar-de-las-palmas\/"},"author":{"name":"eleusal","@id":"https:\/\/grancanaria.eleusal.com\/#\/schema\/person\/ddd30d342c0575fcb5237623c75b7b97"},"headline":"EL FRIKI BAR DE LAS PALMAS","datePublished":"2019-05-07T10:56:01+00:00","dateModified":"2019-11-19T08:11:33+00:00","mainEntityOfPage":{"@id":"https:\/\/grancanaria.eleusal.com\/es\/el-friki-bar-de-las-palmas\/"},"wordCount":278,"publisher":{"@id":"https:\/\/grancanaria.eleusal.com\/#organization"},"image":{"@id":"https:\/\/grancanaria.eleusal.com\/es\/el-friki-bar-de-las-palmas\/#primaryimage"},"thumbnailUrl":"https:\/\/grancanaria.eleusal.com\/wp-content\/uploads\/sites\/13\/2019\/05\/friki-bar.jpg","articleSection":["Sin categorizar"],"inLanguage":"es"},{"@type":"WebPage","@id":"https:\/\/grancanaria.eleusal.com\/es\/el-friki-bar-de-las-palmas\/","url":"https:\/\/grancanaria.eleusal.com\/es\/el-friki-bar-de-las-palmas\/","name":"EL FRIKI BAR DE LAS PALMAS - ELE USAL Gran Canaria","isPartOf":{"@id":"https:\/\/grancanaria.eleusal.com\/#website"},"primaryImageOfPage":{"@id":"https:\/\/grancanaria.eleusal.com\/es\/el-friki-bar-de-las-palmas\/#primaryimage"},"image":{"@id":"https:\/\/grancanaria.eleusal.com\/es\/el-friki-bar-de-las-palmas\/#primaryimage"},"thumbnailUrl":"https:\/\/grancanaria.eleusal.com\/wp-content\/uploads\/sites\/13\/2019\/05\/friki-bar.jpg","datePublished":"2019-05-07T10:56:01+00:00","dateModified":"2019-11-19T08:11:33+00:00","breadcrumb":{"@id":"https:\/\/grancanaria.eleusal.com\/es\/el-friki-bar-de-las-palmas\/#breadcrumb"},"inLanguage":"es","potentialAction":[{"@type":"ReadAction","target":["https:\/\/grancanaria.eleusal.com\/es\/el-friki-bar-de-las-palmas\/"]}]},{"@type":"ImageObject","inLanguage":"es","@id":"https:\/\/grancanaria.eleusal.com\/es\/el-friki-bar-de-las-palmas\/#primaryimage","url":"https:\/\/grancanaria.eleusal.com\/wp-content\/uploads\/sites\/13\/2019\/05\/friki-bar.jpg","contentUrl":"https:\/\/grancanaria.eleusal.com\/wp-content\/uploads\/sites\/13\/2019\/05\/friki-bar.jpg","width":300,"height":225},{"@type":"BreadcrumbList","@id":"https:\/\/grancanaria.eleusal.com\/es\/el-friki-bar-de-las-palmas\/#breadcrumb","itemListElement":[{"@type":"ListItem","position":1,"name":"Home","item":"https:\/\/grancanaria.eleusal.com\/es\/"},{"@type":"ListItem","position":2,"name":"EL FRIKI BAR DE LAS PALMAS"}]},{"@type":"WebSite","@id":"https:\/\/grancanaria.eleusal.com\/#website","url":"https:\/\/grancanaria.eleusal.com\/","name":"ELE USAL Gran Canaria","description":"ELE USAL","publisher":{"@id":"https:\/\/grancanaria.eleusal.com\/#organization"},"potentialAction":[{"@type":"SearchAction","target":{"@type":"EntryPoint","urlTemplate":"https:\/\/grancanaria.eleusal.com\/?s={search_term_string}"},"query-input":{"@type":"PropertyValueSpecification","valueRequired":true,"valueName":"search_term_string"}}],"inLanguage":"es"},{"@type":"Organization","@id":"https:\/\/grancanaria.eleusal.com\/#organization","name":"ELE USAL Gran Canaria","url":"https:\/\/grancanaria.eleusal.com\/","logo":{"@type":"ImageObject","inLanguage":"es","@id":"https:\/\/grancanaria.eleusal.com\/#\/schema\/logo\/image\/","url":"https:\/\/grancanaria.eleusal.com\/wp-content\/uploads\/sites\/13\/2019\/10\/ELE-USAL-GranCanaria.png","contentUrl":"https:\/\/grancanaria.eleusal.com\/wp-content\/uploads\/sites\/13\/2019\/10\/ELE-USAL-GranCanaria.png","width":909,"height":45,"caption":"ELE USAL Gran Canaria"},"image":{"@id":"https:\/\/grancanaria.eleusal.com\/#\/schema\/logo\/image\/"},"sameAs":["https:\/\/www.facebook.com\/eleusalgrancanaria\/","https:\/\/x.com\/usal_ele","https:\/\/www.instagram.com\/p\/CDBJYbNiPPu\/"]},{"@type":"Person","@id":"https:\/\/grancanaria.eleusal.com\/#\/schema\/person\/ddd30d342c0575fcb5237623c75b7b97","name":"eleusal","image":{"@type":"ImageObject","inLanguage":"es","@id":"https:\/\/grancanaria.eleusal.com\/#\/schema\/person\/image\/","url":"https:\/\/secure.gravatar.com\/avatar\/2279402847b0a74a825d3ed89e1f1b67?s=96&d=mm&r=g","contentUrl":"https:\/\/secure.gravatar.com\/avatar\/2279402847b0a74a825d3ed89e1f1b67?s=96&d=mm&r=g","caption":"eleusal"}}]}},"_links":{"self":[{"href":"https:\/\/grancanaria.eleusal.com\/es\/wp-json\/wp\/v2\/posts\/1013","targetHints":{"allow":["GET"]}}],"collection":[{"href":"https:\/\/grancanaria.eleusal.com\/es\/wp-json\/wp\/v2\/posts"}],"about":[{"href":"https:\/\/grancanaria.eleusal.com\/es\/wp-json\/wp\/v2\/types\/post"}],"author":[{"embeddable":true,"href":"https:\/\/grancanaria.eleusal.com\/es\/wp-json\/wp\/v2\/users\/3"}],"replies":[{"embeddable":true,"href":"https:\/\/grancanaria.eleusal.com\/es\/wp-json\/wp\/v2\/comments?post=1013"}],"version-history":[{"count":2,"href":"https:\/\/grancanaria.eleusal.com\/es\/wp-json\/wp\/v2\/posts\/1013\/revisions"}],"predecessor-version":[{"id":1153,"href":"https:\/\/grancanaria.eleusal.com\/es\/wp-json\/wp\/v2\/posts\/1013\/revisions\/1153"}],"wp:featuredmedia":[{"embeddable":true,"href":"https:\/\/grancanaria.eleusal.com\/es\/wp-json\/wp\/v2\/media\/1051"}],"wp:attachment":[{"href":"https:\/\/grancanaria.eleusal.com\/es\/wp-json\/wp\/v2\/media?parent=1013"}],"wp:term":[{"taxonomy":"category","embeddable":true,"href":"https:\/\/grancanaria.eleusal.com\/es\/wp-json\/wp\/v2\/categories?post=1013"},{"taxonomy":"post_tag","embeddable":true,"href":"https:\/\/grancanaria.eleusal.com\/es\/wp-json\/wp\/v2\/tags?post=1013"}],"curies":[{"name":"wp","href":"https:\/\/api.w.org\/{rel}","templated":true}]}}