{"id":381,"date":"2018-10-30T12:02:13","date_gmt":"2018-10-30T12:02:13","guid":{"rendered":"https:\/\/grancanaria.eleusal.com\/?p=381"},"modified":"2019-11-19T09:21:48","modified_gmt":"2019-11-19T08:21:48","slug":"como-llegue-a-ser-profesor-ele","status":"publish","type":"post","link":"https:\/\/grancanaria.eleusal.com\/es\/como-llegue-a-ser-profesor-ele\/","title":{"rendered":"C\u00d3MO LLEGU\u00c9 A SER PROFESOR ELE"},"content":{"rendered":"<p>Me llamo Armando, soy espa\u00f1ol, concretamente de la isla de Gran Canaria. En 2011 me licenci\u00e9 en Ciencias Marinas y trabaj\u00e9 durante algunos a\u00f1os en el campo de las ciencias. Durante mi \u00e9poca de estudiante realic\u00e9 varios viajes al extranjero (Portugal, Cabo Verde, Nueva Zelanda\u2026); durante los cuales impart\u00ed clases como profesor de espa\u00f1ol aut\u00f3nomo.<\/p>\n<p>Debido a la crisis econ\u00f3mica, en 2012 decid\u00ed ir a trabajar a Rep\u00fablica Dominicana. All\u00ed comenc\u00e9 a trabajar en el \u00e1mbito de la ense\u00f1anza por primera vez, como instructor de submarinismo. Este trabajo lo complementaba dando clases de espa\u00f1ol a mis compa\u00f1eros de trabajo y a otros extranjeros. Descubr\u00ed que la gente aprend\u00eda con mis clases y lleg\u00f3 un momento en el que tuve que dejar de aceptar alumnos porque ya no ten\u00eda tiempo para impartir todas las clases. Mis alumnos eran mayoritariamente americanos, franceses y alemanes. Desde ese momento ya no dej\u00e9 de impartir clases de espa\u00f1ol a extranjeros, ya fuese por cuenta propia o en escuelas privadas.<\/p>\n<p style=\"text-align: center\">\u00a0<a style=\"text-align: center\" href=\"http:\/\/grancanaria.eleusal.com\/2018\/10\/30\/como-llegue-a-ser-profesor-ele\/img_3150\/\" rel=\"attachment wp-att-383\"><img loading=\"lazy\" decoding=\"async\" class=\"alignnone size-medium wp-image-383\" src=\"http:\/\/grancanaria.eleusal.com\/files\/2018\/10\/IMG_3150-168x300.jpg\" alt=\"IMG_3150\" width=\"168\" height=\"300\" \/><\/a>\u00a0 \u00a0 \u00a0 \u00a0 \u00a0 \u00a0 \u00a0 \u00a0 \u00a0 \u00a0 \u00a0 \u00a0 \u00a0 \u00a0 \u00a0 \u00a0 \u00a0\u00a0<img loading=\"lazy\" decoding=\"async\" class=\"alignnone size-medium wp-image-382\" style=\"text-align: center\" src=\"http:\/\/grancanaria.eleusal.com\/files\/2018\/10\/12046641_10206953795059396_8109569529565432504_n-300x168.jpg\" alt=\"12046641_10206953795059396_8109569529565432504_n\" width=\"300\" height=\"168\" \/><\/p>\n<p style=\"text-align: left\">Cu\u00e1ndo volv\u00ed a Espa\u00f1a realic\u00e9 un curso de profesor de espa\u00f1ol y acab\u00e9 realizando un master universitario de profesor de espa\u00f1ol para extranjeros en \u00e1mbitos profesionales en la Universidad de Barcelona. Para poder cubrir mis gastos en esta ciudad trabaj\u00e9 como profesor en escuelas privadas y como aut\u00f3nomo. Aprend\u00ed mucho ense\u00f1ando a refugiados y extranjeros de todo el mundo.<\/p>\n<p>\u00a0Al terminar mi master, consegu\u00ed unas pr\u00e1cticas como profesor de espa\u00f1ol en Bilbao, donde segu\u00ed mejorando mis aptitudes como docente ELE. Aqu\u00ed tuve la suerte, no solo de ense\u00f1ar, si no tambi\u00e9n de convivir con mis alumnos. Mi labor no era solo la de profesor, si no tambi\u00e9n de gu\u00eda en la ciudad para los alumnos que realizaban estancias largas. Fue aqu\u00ed d\u00f3nde comprend\u00ed que las clases de espa\u00f1ol sirven para que los extranjeros puedan desenvolverse mejor en nuestro pa\u00eds, y aprendan a valorar mejor nuestra cultura. Desde ese momento supe que hab\u00eda encontrado un trabajo que me apasionaba y que me aportaba cada d\u00eda cosas nuevas.<\/p>\n<p>Despu\u00e9s de vivir en Euskadi, volv\u00ed a Canarias y, desde entonces, he trabajado como profesor de espa\u00f1ol en diferentes escuelas de Tenerife y Gran Canaria. Cuando supe que ELE USAL Gran Canaria hab\u00eda abierto una escuela en Gran Canaria me apresur\u00e9 en contactar con ellos. Ahora tengo la enorme suerte de formar parte de ELE USAL en mi ciudad de origen. Aqu\u00ed sigo ense\u00f1ando y aprendiendo cada d\u00eda.<\/p>\n<p>!Os espero en ELE USAL Gran Canaria!<\/p>\n<p><!-- p.p1 {margin: 0.0px 0.0px 0.0px 0.0px; font: 12.0px 'Helvetica Neue'; -webkit-text-stroke: #000000} p.p2 {margin: 0.0px 0.0px 0.0px 0.0px; font: 12.0px 'Helvetica Neue'; -webkit-text-stroke: #000000; min-height: 14.0px} span.s1 {font-kerning: none} --><\/p>\n","protected":false},"excerpt":{"rendered":"<p>Me llamo Armando, soy espa\u00f1ol, concretamente de la isla de Gran Canaria. En 2011 me licenci\u00e9 en Ciencias Marinas y trabaj\u00e9 durante algunos a\u00f1os en el campo de las ciencias. Durante mi \u00e9poca de estudiante realic\u00e9 varios viajes al extranjero (Portugal, Cabo Verde, Nueva Zelanda\u2026);&#8230;<\/p>\n","protected":false},"author":3,"featured_media":1061,"comment_status":"open","ping_status":"open","sticky":false,"template":"","format":"standard","meta":{"footnotes":""},"categories":[124],"tags":[],"class_list":["post-381","post","type-post","status-publish","format-standard","has-post-thumbnail","hentry","category-sin-categoria-de"],"yoast_head":"<!-- This site is optimized with the Yoast SEO plugin v24.2 - https:\/\/yoast.com\/wordpress\/plugins\/seo\/ -->\n<title>Armando, profesor de ELE en ELE USAL Gran Canaria<\/title>\n<meta name=\"description\" content=\"Conoce a nuestro profesor de espa\u00f1ol, Armando, que est\u00e1 impartiendo clases en ELE USAL Gran Canaria\" \/>\n<meta name=\"robots\" content=\"index, follow, max-snippet:-1, max-image-preview:large, max-video-preview:-1\" \/>\n<link rel=\"canonical\" href=\"https:\/\/grancanaria.eleusal.com\/es\/como-llegue-a-ser-profesor-ele\/\" \/>\n<meta property=\"og:locale\" content=\"es_ES\" \/>\n<meta property=\"og:type\" content=\"article\" \/>\n<meta property=\"og:title\" content=\"Armando, profesor de ELE en ELE USAL Gran Canaria\" \/>\n<meta property=\"og:description\" content=\"Conoce a nuestro profesor de espa\u00f1ol, Armando, que est\u00e1 impartiendo clases en ELE USAL Gran Canaria\" \/>\n<meta property=\"og:url\" content=\"https:\/\/grancanaria.eleusal.com\/es\/como-llegue-a-ser-profesor-ele\/\" \/>\n<meta property=\"og:site_name\" content=\"ELE USAL Gran Canaria\" \/>\n<meta property=\"article:publisher\" content=\"https:\/\/www.facebook.com\/eleusalgrancanaria\/\" \/>\n<meta property=\"article:published_time\" content=\"2018-10-30T12:02:13+00:00\" \/>\n<meta property=\"article:modified_time\" content=\"2019-11-19T08:21:48+00:00\" \/>\n<meta property=\"og:image\" content=\"https:\/\/grancanaria.eleusal.com\/wp-content\/uploads\/sites\/13\/2018\/10\/como-llegu\u00e9-a-ser-profe-ele.jpg\" \/>\n\t<meta property=\"og:image:width\" content=\"300\" \/>\n\t<meta property=\"og:image:height\" content=\"168\" \/>\n\t<meta property=\"og:image:type\" content=\"image\/jpeg\" \/>\n<meta name=\"author\" content=\"eleusal\" \/>\n<meta name=\"twitter:card\" content=\"summary_large_image\" \/>\n<meta name=\"twitter:creator\" content=\"@usal_ele\" \/>\n<meta name=\"twitter:site\" content=\"@usal_ele\" \/>\n<meta name=\"twitter:label1\" content=\"Escrito por\" \/>\n\t<meta name=\"twitter:data1\" content=\"eleusal\" \/>\n\t<meta name=\"twitter:label2\" content=\"Tiempo de lectura\" \/>\n\t<meta name=\"twitter:data2\" content=\"2 minutos\" \/>\n<script type=\"application\/ld+json\" class=\"yoast-schema-graph\">{\"@context\":\"https:\/\/schema.org\",\"@graph\":[{\"@type\":\"Article\",\"@id\":\"https:\/\/grancanaria.eleusal.com\/es\/como-llegue-a-ser-profesor-ele\/#article\",\"isPartOf\":{\"@id\":\"https:\/\/grancanaria.eleusal.com\/es\/como-llegue-a-ser-profesor-ele\/\"},\"author\":{\"name\":\"eleusal\",\"@id\":\"https:\/\/grancanaria.eleusal.com\/#\/schema\/person\/ddd30d342c0575fcb5237623c75b7b97\"},\"headline\":\"C\u00d3MO LLEGU\u00c9 A SER PROFESOR ELE\",\"datePublished\":\"2018-10-30T12:02:13+00:00\",\"dateModified\":\"2019-11-19T08:21:48+00:00\",\"mainEntityOfPage\":{\"@id\":\"https:\/\/grancanaria.eleusal.com\/es\/como-llegue-a-ser-profesor-ele\/\"},\"wordCount\":444,\"commentCount\":0,\"publisher\":{\"@id\":\"https:\/\/grancanaria.eleusal.com\/#organization\"},\"image\":{\"@id\":\"https:\/\/grancanaria.eleusal.com\/es\/como-llegue-a-ser-profesor-ele\/#primaryimage\"},\"thumbnailUrl\":\"https:\/\/grancanaria.eleusal.com\/wp-content\/uploads\/sites\/13\/2018\/10\/como-llegu\u00e9-a-ser-profe-ele.jpg\",\"articleSection\":[\"Sin categor\u00eda @de\"],\"inLanguage\":\"es\",\"potentialAction\":[{\"@type\":\"CommentAction\",\"name\":\"Comment\",\"target\":[\"https:\/\/grancanaria.eleusal.com\/es\/como-llegue-a-ser-profesor-ele\/#respond\"]}]},{\"@type\":\"WebPage\",\"@id\":\"https:\/\/grancanaria.eleusal.com\/es\/como-llegue-a-ser-profesor-ele\/\",\"url\":\"https:\/\/grancanaria.eleusal.com\/es\/como-llegue-a-ser-profesor-ele\/\",\"name\":\"Armando, profesor de ELE en ELE USAL Gran Canaria\",\"isPartOf\":{\"@id\":\"https:\/\/grancanaria.eleusal.com\/#website\"},\"primaryImageOfPage\":{\"@id\":\"https:\/\/grancanaria.eleusal.com\/es\/como-llegue-a-ser-profesor-ele\/#primaryimage\"},\"image\":{\"@id\":\"https:\/\/grancanaria.eleusal.com\/es\/como-llegue-a-ser-profesor-ele\/#primaryimage\"},\"thumbnailUrl\":\"https:\/\/grancanaria.eleusal.com\/wp-content\/uploads\/sites\/13\/2018\/10\/como-llegu\u00e9-a-ser-profe-ele.jpg\",\"datePublished\":\"2018-10-30T12:02:13+00:00\",\"dateModified\":\"2019-11-19T08:21:48+00:00\",\"description\":\"Conoce a nuestro profesor de espa\u00f1ol, Armando, que est\u00e1 impartiendo clases en ELE USAL Gran Canaria\",\"breadcrumb\":{\"@id\":\"https:\/\/grancanaria.eleusal.com\/es\/como-llegue-a-ser-profesor-ele\/#breadcrumb\"},\"inLanguage\":\"es\",\"potentialAction\":[{\"@type\":\"ReadAction\",\"target\":[\"https:\/\/grancanaria.eleusal.com\/es\/como-llegue-a-ser-profesor-ele\/\"]}]},{\"@type\":\"ImageObject\",\"inLanguage\":\"es\",\"@id\":\"https:\/\/grancanaria.eleusal.com\/es\/como-llegue-a-ser-profesor-ele\/#primaryimage\",\"url\":\"https:\/\/grancanaria.eleusal.com\/wp-content\/uploads\/sites\/13\/2018\/10\/como-llegu\u00e9-a-ser-profe-ele.jpg\",\"contentUrl\":\"https:\/\/grancanaria.eleusal.com\/wp-content\/uploads\/sites\/13\/2018\/10\/como-llegu\u00e9-a-ser-profe-ele.jpg\",\"width\":300,\"height\":168},{\"@type\":\"BreadcrumbList\",\"@id\":\"https:\/\/grancanaria.eleusal.com\/es\/como-llegue-a-ser-profesor-ele\/#breadcrumb\",\"itemListElement\":[{\"@type\":\"ListItem\",\"position\":1,\"name\":\"Home\",\"item\":\"https:\/\/grancanaria.eleusal.com\/es\/\"},{\"@type\":\"ListItem\",\"position\":2,\"name\":\"C\u00d3MO LLEGU\u00c9 A SER PROFESOR ELE\"}]},{\"@type\":\"WebSite\",\"@id\":\"https:\/\/grancanaria.eleusal.com\/#website\",\"url\":\"https:\/\/grancanaria.eleusal.com\/\",\"name\":\"ELE USAL Gran Canaria\",\"description\":\"ELE USAL\",\"publisher\":{\"@id\":\"https:\/\/grancanaria.eleusal.com\/#organization\"},\"potentialAction\":[{\"@type\":\"SearchAction\",\"target\":{\"@type\":\"EntryPoint\",\"urlTemplate\":\"https:\/\/grancanaria.eleusal.com\/?s={search_term_string}\"},\"query-input\":{\"@type\":\"PropertyValueSpecification\",\"valueRequired\":true,\"valueName\":\"search_term_string\"}}],\"inLanguage\":\"es\"},{\"@type\":\"Organization\",\"@id\":\"https:\/\/grancanaria.eleusal.com\/#organization\",\"name\":\"ELE USAL Gran Canaria\",\"url\":\"https:\/\/grancanaria.eleusal.com\/\",\"logo\":{\"@type\":\"ImageObject\",\"inLanguage\":\"es\",\"@id\":\"https:\/\/grancanaria.eleusal.com\/#\/schema\/logo\/image\/\",\"url\":\"https:\/\/grancanaria.eleusal.com\/wp-content\/uploads\/sites\/13\/2019\/10\/ELE-USAL-GranCanaria.png\",\"contentUrl\":\"https:\/\/grancanaria.eleusal.com\/wp-content\/uploads\/sites\/13\/2019\/10\/ELE-USAL-GranCanaria.png\",\"width\":909,\"height\":45,\"caption\":\"ELE USAL Gran Canaria\"},\"image\":{\"@id\":\"https:\/\/grancanaria.eleusal.com\/#\/schema\/logo\/image\/\"},\"sameAs\":[\"https:\/\/www.facebook.com\/eleusalgrancanaria\/\",\"https:\/\/x.com\/usal_ele\",\"https:\/\/www.instagram.com\/p\/CDBJYbNiPPu\/\"]},{\"@type\":\"Person\",\"@id\":\"https:\/\/grancanaria.eleusal.com\/#\/schema\/person\/ddd30d342c0575fcb5237623c75b7b97\",\"name\":\"eleusal\",\"image\":{\"@type\":\"ImageObject\",\"inLanguage\":\"es\",\"@id\":\"https:\/\/grancanaria.eleusal.com\/#\/schema\/person\/image\/\",\"url\":\"https:\/\/secure.gravatar.com\/avatar\/2279402847b0a74a825d3ed89e1f1b67?s=96&d=mm&r=g\",\"contentUrl\":\"https:\/\/secure.gravatar.com\/avatar\/2279402847b0a74a825d3ed89e1f1b67?s=96&d=mm&r=g\",\"caption\":\"eleusal\"}}]}<\/script>\n<!-- \/ Yoast SEO plugin. -->","yoast_head_json":{"title":"Armando, profesor de ELE en ELE USAL Gran Canaria","description":"Conoce a nuestro profesor de espa\u00f1ol, Armando, que est\u00e1 impartiendo clases en ELE USAL Gran Canaria","robots":{"index":"index","follow":"follow","max-snippet":"max-snippet:-1","max-image-preview":"max-image-preview:large","max-video-preview":"max-video-preview:-1"},"canonical":"https:\/\/grancanaria.eleusal.com\/es\/como-llegue-a-ser-profesor-ele\/","og_locale":"es_ES","og_type":"article","og_title":"Armando, profesor de ELE en ELE USAL Gran Canaria","og_description":"Conoce a nuestro profesor de espa\u00f1ol, Armando, que est\u00e1 impartiendo clases en ELE USAL Gran Canaria","og_url":"https:\/\/grancanaria.eleusal.com\/es\/como-llegue-a-ser-profesor-ele\/","og_site_name":"ELE USAL Gran Canaria","article_publisher":"https:\/\/www.facebook.com\/eleusalgrancanaria\/","article_published_time":"2018-10-30T12:02:13+00:00","article_modified_time":"2019-11-19T08:21:48+00:00","og_image":[{"width":300,"height":168,"url":"https:\/\/grancanaria.eleusal.com\/wp-content\/uploads\/sites\/13\/2018\/10\/como-llegu\u00e9-a-ser-profe-ele.jpg","type":"image\/jpeg"}],"author":"eleusal","twitter_card":"summary_large_image","twitter_creator":"@usal_ele","twitter_site":"@usal_ele","twitter_misc":{"Escrito por":"eleusal","Tiempo de lectura":"2 minutos"},"schema":{"@context":"https:\/\/schema.org","@graph":[{"@type":"Article","@id":"https:\/\/grancanaria.eleusal.com\/es\/como-llegue-a-ser-profesor-ele\/#article","isPartOf":{"@id":"https:\/\/grancanaria.eleusal.com\/es\/como-llegue-a-ser-profesor-ele\/"},"author":{"name":"eleusal","@id":"https:\/\/grancanaria.eleusal.com\/#\/schema\/person\/ddd30d342c0575fcb5237623c75b7b97"},"headline":"C\u00d3MO LLEGU\u00c9 A SER PROFESOR ELE","datePublished":"2018-10-30T12:02:13+00:00","dateModified":"2019-11-19T08:21:48+00:00","mainEntityOfPage":{"@id":"https:\/\/grancanaria.eleusal.com\/es\/como-llegue-a-ser-profesor-ele\/"},"wordCount":444,"commentCount":0,"publisher":{"@id":"https:\/\/grancanaria.eleusal.com\/#organization"},"image":{"@id":"https:\/\/grancanaria.eleusal.com\/es\/como-llegue-a-ser-profesor-ele\/#primaryimage"},"thumbnailUrl":"https:\/\/grancanaria.eleusal.com\/wp-content\/uploads\/sites\/13\/2018\/10\/como-llegu\u00e9-a-ser-profe-ele.jpg","articleSection":["Sin categor\u00eda @de"],"inLanguage":"es","potentialAction":[{"@type":"CommentAction","name":"Comment","target":["https:\/\/grancanaria.eleusal.com\/es\/como-llegue-a-ser-profesor-ele\/#respond"]}]},{"@type":"WebPage","@id":"https:\/\/grancanaria.eleusal.com\/es\/como-llegue-a-ser-profesor-ele\/","url":"https:\/\/grancanaria.eleusal.com\/es\/como-llegue-a-ser-profesor-ele\/","name":"Armando, profesor de ELE en ELE USAL Gran Canaria","isPartOf":{"@id":"https:\/\/grancanaria.eleusal.com\/#website"},"primaryImageOfPage":{"@id":"https:\/\/grancanaria.eleusal.com\/es\/como-llegue-a-ser-profesor-ele\/#primaryimage"},"image":{"@id":"https:\/\/grancanaria.eleusal.com\/es\/como-llegue-a-ser-profesor-ele\/#primaryimage"},"thumbnailUrl":"https:\/\/grancanaria.eleusal.com\/wp-content\/uploads\/sites\/13\/2018\/10\/como-llegu\u00e9-a-ser-profe-ele.jpg","datePublished":"2018-10-30T12:02:13+00:00","dateModified":"2019-11-19T08:21:48+00:00","description":"Conoce a nuestro profesor de espa\u00f1ol, Armando, que est\u00e1 impartiendo clases en ELE USAL Gran Canaria","breadcrumb":{"@id":"https:\/\/grancanaria.eleusal.com\/es\/como-llegue-a-ser-profesor-ele\/#breadcrumb"},"inLanguage":"es","potentialAction":[{"@type":"ReadAction","target":["https:\/\/grancanaria.eleusal.com\/es\/como-llegue-a-ser-profesor-ele\/"]}]},{"@type":"ImageObject","inLanguage":"es","@id":"https:\/\/grancanaria.eleusal.com\/es\/como-llegue-a-ser-profesor-ele\/#primaryimage","url":"https:\/\/grancanaria.eleusal.com\/wp-content\/uploads\/sites\/13\/2018\/10\/como-llegu\u00e9-a-ser-profe-ele.jpg","contentUrl":"https:\/\/grancanaria.eleusal.com\/wp-content\/uploads\/sites\/13\/2018\/10\/como-llegu\u00e9-a-ser-profe-ele.jpg","width":300,"height":168},{"@type":"BreadcrumbList","@id":"https:\/\/grancanaria.eleusal.com\/es\/como-llegue-a-ser-profesor-ele\/#breadcrumb","itemListElement":[{"@type":"ListItem","position":1,"name":"Home","item":"https:\/\/grancanaria.eleusal.com\/es\/"},{"@type":"ListItem","position":2,"name":"C\u00d3MO LLEGU\u00c9 A SER PROFESOR ELE"}]},{"@type":"WebSite","@id":"https:\/\/grancanaria.eleusal.com\/#website","url":"https:\/\/grancanaria.eleusal.com\/","name":"ELE USAL Gran Canaria","description":"ELE USAL","publisher":{"@id":"https:\/\/grancanaria.eleusal.com\/#organization"},"potentialAction":[{"@type":"SearchAction","target":{"@type":"EntryPoint","urlTemplate":"https:\/\/grancanaria.eleusal.com\/?s={search_term_string}"},"query-input":{"@type":"PropertyValueSpecification","valueRequired":true,"valueName":"search_term_string"}}],"inLanguage":"es"},{"@type":"Organization","@id":"https:\/\/grancanaria.eleusal.com\/#organization","name":"ELE USAL Gran Canaria","url":"https:\/\/grancanaria.eleusal.com\/","logo":{"@type":"ImageObject","inLanguage":"es","@id":"https:\/\/grancanaria.eleusal.com\/#\/schema\/logo\/image\/","url":"https:\/\/grancanaria.eleusal.com\/wp-content\/uploads\/sites\/13\/2019\/10\/ELE-USAL-GranCanaria.png","contentUrl":"https:\/\/grancanaria.eleusal.com\/wp-content\/uploads\/sites\/13\/2019\/10\/ELE-USAL-GranCanaria.png","width":909,"height":45,"caption":"ELE USAL Gran Canaria"},"image":{"@id":"https:\/\/grancanaria.eleusal.com\/#\/schema\/logo\/image\/"},"sameAs":["https:\/\/www.facebook.com\/eleusalgrancanaria\/","https:\/\/x.com\/usal_ele","https:\/\/www.instagram.com\/p\/CDBJYbNiPPu\/"]},{"@type":"Person","@id":"https:\/\/grancanaria.eleusal.com\/#\/schema\/person\/ddd30d342c0575fcb5237623c75b7b97","name":"eleusal","image":{"@type":"ImageObject","inLanguage":"es","@id":"https:\/\/grancanaria.eleusal.com\/#\/schema\/person\/image\/","url":"https:\/\/secure.gravatar.com\/avatar\/2279402847b0a74a825d3ed89e1f1b67?s=96&d=mm&r=g","contentUrl":"https:\/\/secure.gravatar.com\/avatar\/2279402847b0a74a825d3ed89e1f1b67?s=96&d=mm&r=g","caption":"eleusal"}}]}},"_links":{"self":[{"href":"https:\/\/grancanaria.eleusal.com\/es\/wp-json\/wp\/v2\/posts\/381","targetHints":{"allow":["GET"]}}],"collection":[{"href":"https:\/\/grancanaria.eleusal.com\/es\/wp-json\/wp\/v2\/posts"}],"about":[{"href":"https:\/\/grancanaria.eleusal.com\/es\/wp-json\/wp\/v2\/types\/post"}],"author":[{"embeddable":true,"href":"https:\/\/grancanaria.eleusal.com\/es\/wp-json\/wp\/v2\/users\/3"}],"replies":[{"embeddable":true,"href":"https:\/\/grancanaria.eleusal.com\/es\/wp-json\/wp\/v2\/comments?post=381"}],"version-history":[{"count":1,"href":"https:\/\/grancanaria.eleusal.com\/es\/wp-json\/wp\/v2\/posts\/381\/revisions"}],"predecessor-version":[{"id":1161,"href":"https:\/\/grancanaria.eleusal.com\/es\/wp-json\/wp\/v2\/posts\/381\/revisions\/1161"}],"wp:featuredmedia":[{"embeddable":true,"href":"https:\/\/grancanaria.eleusal.com\/es\/wp-json\/wp\/v2\/media\/1061"}],"wp:attachment":[{"href":"https:\/\/grancanaria.eleusal.com\/es\/wp-json\/wp\/v2\/media?parent=381"}],"wp:term":[{"taxonomy":"category","embeddable":true,"href":"https:\/\/grancanaria.eleusal.com\/es\/wp-json\/wp\/v2\/categories?post=381"},{"taxonomy":"post_tag","embeddable":true,"href":"https:\/\/grancanaria.eleusal.com\/es\/wp-json\/wp\/v2\/tags?post=381"}],"curies":[{"name":"wp","href":"https:\/\/api.w.org\/{rel}","templated":true}]}}