{"id":419,"date":"2019-01-31T18:14:34","date_gmt":"2019-01-31T18:14:34","guid":{"rendered":"https:\/\/grancanaria.eleusal.com\/?p=419"},"modified":"2019-11-19T09:17:21","modified_gmt":"2019-11-19T08:17:21","slug":"aprende-el-estilo-canario","status":"publish","type":"post","link":"https:\/\/grancanaria.eleusal.com\/es\/aprende-el-estilo-canario\/","title":{"rendered":"APRENDE EL ESTILO CANARIO"},"content":{"rendered":"<p><!-- p.p1 {margin: 0.0px 0.0px 0.0px 0.0px; font: 12.0px 'Helvetica Neue'; -webkit-text-stroke: #000000} span.s1 {font-kerning: none} -->La <strong>variedad canaria<\/strong> del espa\u00f1ol es hablada por aproximadamente 2 millones de habitantes en Canarias y comparte algunas similitudes con el espa\u00f1ol del sur de la Pen\u00ednsula Ib\u00e9rica o el hablado en algunos pa\u00edses de Sudam\u00e9rica. El habla o dialecto canario se caracteriza por una serie de elementos f\u00f3nicos y gramaticales como el seseo o el uso de la s final aspirada. Adem\u00e1s, a nivel l\u00e9xico, podemos encontrar numerosas palabras extranjeras, de procedencia inglesa, francesa, portuguesa, etc. y palabras propias canarias (\u00abcanarismos\u00bb), como guagua=autob\u00fas, chacho\/a=chico\/, etc<\/p>\n<div id=\"attachment_420\" style=\"width: 178px\" class=\"wp-caption alignright\"><a href=\"http:\/\/grancanaria.eleusal.com\/2019\/01\/31\/aprende-el-estilo-canario\/20190201_143137\/\" rel=\"attachment wp-att-420\"><img loading=\"lazy\" decoding=\"async\" aria-describedby=\"caption-attachment-420\" class=\"size-medium wp-image-420\" src=\"http:\/\/grancanaria.eleusal.com\/files\/2019\/01\/20190201_143137-e1549123424665-168x300.jpg\" alt=\"Calle Calvo Sotelo (Vegueta)\" width=\"168\" height=\"300\" \/><\/a><p id=\"caption-attachment-420\" class=\"wp-caption-text\">Calle Calvo Sotelo (Vegueta)<\/p><\/div>\n<div id=\"attachment_421\" style=\"width: 310px\" class=\"wp-caption alignleft\"><a href=\"http:\/\/grancanaria.eleusal.com\/2019\/01\/31\/aprende-el-estilo-canario\/20190201_143411\/\" rel=\"attachment wp-att-421\"><img loading=\"lazy\" decoding=\"async\" aria-describedby=\"caption-attachment-421\" class=\"size-medium wp-image-421\" src=\"http:\/\/grancanaria.eleusal.com\/files\/2019\/01\/20190201_143411-300x168.jpg\" alt=\"Catedral de Santa Ana\" width=\"300\" height=\"168\" \/><\/a><p id=\"caption-attachment-421\" class=\"wp-caption-text\">Catedral de Santa Ana<\/p><\/div>\n<p>En ELE USAL Gran Canaria hemos creado una <strong>actividad para que puedas familiarizarte con el estilo canario<\/strong>, su forma de hablar y su cultura. Para ello, haremos una ruta por el barrio de Vegueta d\u00f3nde podr\u00e1s aprender la historia y la cultura canarias visitando uno de los barrios m\u00e1s antiguos de nuestra isla.<\/p>\n<p>Primero <strong>iremos al mercado de Vegueta<\/strong>, d\u00f3nde conocer\u00e1s los mejores puestos para conseguir productos t\u00edpicos canarios. Despu\u00e9s pasearemos por las calles peatonales del <strong>barrio de Vegueta<\/strong> y visitaremos la <strong>Catedral de Santa Ana<\/strong> y su famosa plaza. Finalmente, <strong>visitaremos un bar local<\/strong> y tomaremos una bebida y probaremos las famosas papas con mojo (verde o rojo) canario.<\/p>\n<p>Tendr\u00e1s la posibilidad de <strong>practicar espa\u00f1ol en situaciones cotidianas <\/strong>y\u00a0aprender\u00e1s sobre la cultura e historia canarias. Tambi\u00e9n ser\u00e1s capaz de <strong>pedir al estilo canario en un bar<\/strong>, <strong>cafeter\u00eda o restaurante<\/strong> y el vocabulario b\u00e1sico para poder conversar y entenderte con canarios (lo que no siempre es f\u00e1cil).<\/p>\n<p>!Aprender\u00e1s espa\u00f1ol (al estilo canario) sin esfuerzo y en un ambiente relajado y divertido sin tener que ir a clase\u00a1 !La calle ser\u00e1 tu mejor aula!<\/p>\n","protected":false},"excerpt":{"rendered":"<p>La variedad canaria del espa\u00f1ol es hablada por aproximadamente 2 millones de habitantes en Canarias y comparte algunas similitudes con el espa\u00f1ol del sur de la Pen\u00ednsula Ib\u00e9rica o el hablado en algunos pa\u00edses de Sudam\u00e9rica. El habla o dialecto canario se caracteriza por una&#8230;<\/p>\n","protected":false},"author":3,"featured_media":1055,"comment_status":"closed","ping_status":"closed","sticky":false,"template":"","format":"standard","meta":{"footnotes":""},"categories":[],"tags":[],"class_list":["post-419","post","type-post","status-publish","format-standard","has-post-thumbnail","hentry"],"yoast_head":"<!-- This site is optimized with the Yoast SEO plugin v24.2 - https:\/\/yoast.com\/wordpress\/plugins\/seo\/ -->\n<title>Aprende el espa\u00f1ol canario en ELE USAL Gran Canaria<\/title>\n<meta name=\"description\" content=\"ELE USAL Gran Canaria organiza actividades para que el alumno para conocer el espa\u00f1ol al estilo canario. Ll\u00e1manos y te informaremos!\" \/>\n<meta name=\"robots\" content=\"index, follow, max-snippet:-1, max-image-preview:large, max-video-preview:-1\" \/>\n<link rel=\"canonical\" href=\"https:\/\/grancanaria.eleusal.com\/es\/aprende-el-estilo-canario\/\" \/>\n<meta property=\"og:locale\" content=\"es_ES\" \/>\n<meta property=\"og:type\" content=\"article\" \/>\n<meta property=\"og:title\" content=\"Aprende el espa\u00f1ol canario en ELE USAL Gran Canaria\" \/>\n<meta property=\"og:description\" content=\"ELE USAL Gran Canaria organiza actividades para que el alumno para conocer el espa\u00f1ol al estilo canario. Ll\u00e1manos y te informaremos!\" \/>\n<meta property=\"og:url\" content=\"https:\/\/grancanaria.eleusal.com\/es\/aprende-el-estilo-canario\/\" \/>\n<meta property=\"og:site_name\" content=\"ELE USAL Gran Canaria\" \/>\n<meta property=\"article:publisher\" content=\"https:\/\/www.facebook.com\/eleusalgrancanaria\/\" \/>\n<meta property=\"article:published_time\" content=\"2019-01-31T18:14:34+00:00\" \/>\n<meta property=\"article:modified_time\" content=\"2019-11-19T08:17:21+00:00\" \/>\n<meta property=\"og:image\" content=\"https:\/\/grancanaria.eleusal.com\/wp-content\/uploads\/sites\/13\/2019\/01\/aprender-al-estilo-canario-1024x576.jpg\" \/>\n\t<meta property=\"og:image:width\" content=\"1024\" \/>\n\t<meta property=\"og:image:height\" content=\"576\" \/>\n\t<meta property=\"og:image:type\" content=\"image\/jpeg\" \/>\n<meta name=\"author\" content=\"eleusal\" \/>\n<meta name=\"twitter:card\" content=\"summary_large_image\" \/>\n<meta name=\"twitter:creator\" content=\"@usal_ele\" \/>\n<meta name=\"twitter:site\" content=\"@usal_ele\" \/>\n<meta name=\"twitter:label1\" content=\"Escrito por\" \/>\n\t<meta name=\"twitter:data1\" content=\"eleusal\" \/>\n\t<meta name=\"twitter:label2\" content=\"Tiempo de lectura\" \/>\n\t<meta name=\"twitter:data2\" content=\"2 minutos\" \/>\n<script type=\"application\/ld+json\" class=\"yoast-schema-graph\">{\"@context\":\"https:\/\/schema.org\",\"@graph\":[{\"@type\":\"Article\",\"@id\":\"https:\/\/grancanaria.eleusal.com\/es\/aprende-el-estilo-canario\/#article\",\"isPartOf\":{\"@id\":\"https:\/\/grancanaria.eleusal.com\/es\/aprende-el-estilo-canario\/\"},\"author\":{\"name\":\"eleusal\",\"@id\":\"https:\/\/grancanaria.eleusal.com\/#\/schema\/person\/ddd30d342c0575fcb5237623c75b7b97\"},\"headline\":\"APRENDE EL ESTILO CANARIO\",\"datePublished\":\"2019-01-31T18:14:34+00:00\",\"dateModified\":\"2019-11-19T08:17:21+00:00\",\"mainEntityOfPage\":{\"@id\":\"https:\/\/grancanaria.eleusal.com\/es\/aprende-el-estilo-canario\/\"},\"wordCount\":325,\"publisher\":{\"@id\":\"https:\/\/grancanaria.eleusal.com\/#organization\"},\"image\":{\"@id\":\"https:\/\/grancanaria.eleusal.com\/es\/aprende-el-estilo-canario\/#primaryimage\"},\"thumbnailUrl\":\"https:\/\/grancanaria.eleusal.com\/wp-content\/uploads\/sites\/13\/2019\/01\/aprender-al-estilo-canario.jpg\",\"inLanguage\":\"es\"},{\"@type\":\"WebPage\",\"@id\":\"https:\/\/grancanaria.eleusal.com\/es\/aprende-el-estilo-canario\/\",\"url\":\"https:\/\/grancanaria.eleusal.com\/es\/aprende-el-estilo-canario\/\",\"name\":\"Aprende el espa\u00f1ol canario en ELE USAL Gran Canaria\",\"isPartOf\":{\"@id\":\"https:\/\/grancanaria.eleusal.com\/#website\"},\"primaryImageOfPage\":{\"@id\":\"https:\/\/grancanaria.eleusal.com\/es\/aprende-el-estilo-canario\/#primaryimage\"},\"image\":{\"@id\":\"https:\/\/grancanaria.eleusal.com\/es\/aprende-el-estilo-canario\/#primaryimage\"},\"thumbnailUrl\":\"https:\/\/grancanaria.eleusal.com\/wp-content\/uploads\/sites\/13\/2019\/01\/aprender-al-estilo-canario.jpg\",\"datePublished\":\"2019-01-31T18:14:34+00:00\",\"dateModified\":\"2019-11-19T08:17:21+00:00\",\"description\":\"ELE USAL Gran Canaria organiza actividades para que el alumno para conocer el espa\u00f1ol al estilo canario. Ll\u00e1manos y te informaremos!\",\"breadcrumb\":{\"@id\":\"https:\/\/grancanaria.eleusal.com\/es\/aprende-el-estilo-canario\/#breadcrumb\"},\"inLanguage\":\"es\",\"potentialAction\":[{\"@type\":\"ReadAction\",\"target\":[\"https:\/\/grancanaria.eleusal.com\/es\/aprende-el-estilo-canario\/\"]}]},{\"@type\":\"ImageObject\",\"inLanguage\":\"es\",\"@id\":\"https:\/\/grancanaria.eleusal.com\/es\/aprende-el-estilo-canario\/#primaryimage\",\"url\":\"https:\/\/grancanaria.eleusal.com\/wp-content\/uploads\/sites\/13\/2019\/01\/aprender-al-estilo-canario.jpg\",\"contentUrl\":\"https:\/\/grancanaria.eleusal.com\/wp-content\/uploads\/sites\/13\/2019\/01\/aprender-al-estilo-canario.jpg\",\"width\":5312,\"height\":2988},{\"@type\":\"BreadcrumbList\",\"@id\":\"https:\/\/grancanaria.eleusal.com\/es\/aprende-el-estilo-canario\/#breadcrumb\",\"itemListElement\":[{\"@type\":\"ListItem\",\"position\":1,\"name\":\"Home\",\"item\":\"https:\/\/grancanaria.eleusal.com\/es\/\"},{\"@type\":\"ListItem\",\"position\":2,\"name\":\"APRENDE EL ESTILO CANARIO\"}]},{\"@type\":\"WebSite\",\"@id\":\"https:\/\/grancanaria.eleusal.com\/#website\",\"url\":\"https:\/\/grancanaria.eleusal.com\/\",\"name\":\"ELE USAL Gran Canaria\",\"description\":\"ELE USAL\",\"publisher\":{\"@id\":\"https:\/\/grancanaria.eleusal.com\/#organization\"},\"potentialAction\":[{\"@type\":\"SearchAction\",\"target\":{\"@type\":\"EntryPoint\",\"urlTemplate\":\"https:\/\/grancanaria.eleusal.com\/?s={search_term_string}\"},\"query-input\":{\"@type\":\"PropertyValueSpecification\",\"valueRequired\":true,\"valueName\":\"search_term_string\"}}],\"inLanguage\":\"es\"},{\"@type\":\"Organization\",\"@id\":\"https:\/\/grancanaria.eleusal.com\/#organization\",\"name\":\"ELE USAL Gran Canaria\",\"url\":\"https:\/\/grancanaria.eleusal.com\/\",\"logo\":{\"@type\":\"ImageObject\",\"inLanguage\":\"es\",\"@id\":\"https:\/\/grancanaria.eleusal.com\/#\/schema\/logo\/image\/\",\"url\":\"https:\/\/grancanaria.eleusal.com\/wp-content\/uploads\/sites\/13\/2019\/10\/ELE-USAL-GranCanaria.png\",\"contentUrl\":\"https:\/\/grancanaria.eleusal.com\/wp-content\/uploads\/sites\/13\/2019\/10\/ELE-USAL-GranCanaria.png\",\"width\":909,\"height\":45,\"caption\":\"ELE USAL Gran Canaria\"},\"image\":{\"@id\":\"https:\/\/grancanaria.eleusal.com\/#\/schema\/logo\/image\/\"},\"sameAs\":[\"https:\/\/www.facebook.com\/eleusalgrancanaria\/\",\"https:\/\/x.com\/usal_ele\",\"https:\/\/www.instagram.com\/p\/CDBJYbNiPPu\/\"]},{\"@type\":\"Person\",\"@id\":\"https:\/\/grancanaria.eleusal.com\/#\/schema\/person\/ddd30d342c0575fcb5237623c75b7b97\",\"name\":\"eleusal\",\"image\":{\"@type\":\"ImageObject\",\"inLanguage\":\"es\",\"@id\":\"https:\/\/grancanaria.eleusal.com\/#\/schema\/person\/image\/\",\"url\":\"https:\/\/secure.gravatar.com\/avatar\/2279402847b0a74a825d3ed89e1f1b67?s=96&d=mm&r=g\",\"contentUrl\":\"https:\/\/secure.gravatar.com\/avatar\/2279402847b0a74a825d3ed89e1f1b67?s=96&d=mm&r=g\",\"caption\":\"eleusal\"}}]}<\/script>\n<!-- \/ Yoast SEO plugin. -->","yoast_head_json":{"title":"Aprende el espa\u00f1ol canario en ELE USAL Gran Canaria","description":"ELE USAL Gran Canaria organiza actividades para que el alumno para conocer el espa\u00f1ol al estilo canario. Ll\u00e1manos y te informaremos!","robots":{"index":"index","follow":"follow","max-snippet":"max-snippet:-1","max-image-preview":"max-image-preview:large","max-video-preview":"max-video-preview:-1"},"canonical":"https:\/\/grancanaria.eleusal.com\/es\/aprende-el-estilo-canario\/","og_locale":"es_ES","og_type":"article","og_title":"Aprende el espa\u00f1ol canario en ELE USAL Gran Canaria","og_description":"ELE USAL Gran Canaria organiza actividades para que el alumno para conocer el espa\u00f1ol al estilo canario. Ll\u00e1manos y te informaremos!","og_url":"https:\/\/grancanaria.eleusal.com\/es\/aprende-el-estilo-canario\/","og_site_name":"ELE USAL Gran Canaria","article_publisher":"https:\/\/www.facebook.com\/eleusalgrancanaria\/","article_published_time":"2019-01-31T18:14:34+00:00","article_modified_time":"2019-11-19T08:17:21+00:00","og_image":[{"width":1024,"height":576,"url":"https:\/\/grancanaria.eleusal.com\/wp-content\/uploads\/sites\/13\/2019\/01\/aprender-al-estilo-canario-1024x576.jpg","type":"image\/jpeg"}],"author":"eleusal","twitter_card":"summary_large_image","twitter_creator":"@usal_ele","twitter_site":"@usal_ele","twitter_misc":{"Escrito por":"eleusal","Tiempo de lectura":"2 minutos"},"schema":{"@context":"https:\/\/schema.org","@graph":[{"@type":"Article","@id":"https:\/\/grancanaria.eleusal.com\/es\/aprende-el-estilo-canario\/#article","isPartOf":{"@id":"https:\/\/grancanaria.eleusal.com\/es\/aprende-el-estilo-canario\/"},"author":{"name":"eleusal","@id":"https:\/\/grancanaria.eleusal.com\/#\/schema\/person\/ddd30d342c0575fcb5237623c75b7b97"},"headline":"APRENDE EL ESTILO CANARIO","datePublished":"2019-01-31T18:14:34+00:00","dateModified":"2019-11-19T08:17:21+00:00","mainEntityOfPage":{"@id":"https:\/\/grancanaria.eleusal.com\/es\/aprende-el-estilo-canario\/"},"wordCount":325,"publisher":{"@id":"https:\/\/grancanaria.eleusal.com\/#organization"},"image":{"@id":"https:\/\/grancanaria.eleusal.com\/es\/aprende-el-estilo-canario\/#primaryimage"},"thumbnailUrl":"https:\/\/grancanaria.eleusal.com\/wp-content\/uploads\/sites\/13\/2019\/01\/aprender-al-estilo-canario.jpg","inLanguage":"es"},{"@type":"WebPage","@id":"https:\/\/grancanaria.eleusal.com\/es\/aprende-el-estilo-canario\/","url":"https:\/\/grancanaria.eleusal.com\/es\/aprende-el-estilo-canario\/","name":"Aprende el espa\u00f1ol canario en ELE USAL Gran Canaria","isPartOf":{"@id":"https:\/\/grancanaria.eleusal.com\/#website"},"primaryImageOfPage":{"@id":"https:\/\/grancanaria.eleusal.com\/es\/aprende-el-estilo-canario\/#primaryimage"},"image":{"@id":"https:\/\/grancanaria.eleusal.com\/es\/aprende-el-estilo-canario\/#primaryimage"},"thumbnailUrl":"https:\/\/grancanaria.eleusal.com\/wp-content\/uploads\/sites\/13\/2019\/01\/aprender-al-estilo-canario.jpg","datePublished":"2019-01-31T18:14:34+00:00","dateModified":"2019-11-19T08:17:21+00:00","description":"ELE USAL Gran Canaria organiza actividades para que el alumno para conocer el espa\u00f1ol al estilo canario. Ll\u00e1manos y te informaremos!","breadcrumb":{"@id":"https:\/\/grancanaria.eleusal.com\/es\/aprende-el-estilo-canario\/#breadcrumb"},"inLanguage":"es","potentialAction":[{"@type":"ReadAction","target":["https:\/\/grancanaria.eleusal.com\/es\/aprende-el-estilo-canario\/"]}]},{"@type":"ImageObject","inLanguage":"es","@id":"https:\/\/grancanaria.eleusal.com\/es\/aprende-el-estilo-canario\/#primaryimage","url":"https:\/\/grancanaria.eleusal.com\/wp-content\/uploads\/sites\/13\/2019\/01\/aprender-al-estilo-canario.jpg","contentUrl":"https:\/\/grancanaria.eleusal.com\/wp-content\/uploads\/sites\/13\/2019\/01\/aprender-al-estilo-canario.jpg","width":5312,"height":2988},{"@type":"BreadcrumbList","@id":"https:\/\/grancanaria.eleusal.com\/es\/aprende-el-estilo-canario\/#breadcrumb","itemListElement":[{"@type":"ListItem","position":1,"name":"Home","item":"https:\/\/grancanaria.eleusal.com\/es\/"},{"@type":"ListItem","position":2,"name":"APRENDE EL ESTILO CANARIO"}]},{"@type":"WebSite","@id":"https:\/\/grancanaria.eleusal.com\/#website","url":"https:\/\/grancanaria.eleusal.com\/","name":"ELE USAL Gran Canaria","description":"ELE USAL","publisher":{"@id":"https:\/\/grancanaria.eleusal.com\/#organization"},"potentialAction":[{"@type":"SearchAction","target":{"@type":"EntryPoint","urlTemplate":"https:\/\/grancanaria.eleusal.com\/?s={search_term_string}"},"query-input":{"@type":"PropertyValueSpecification","valueRequired":true,"valueName":"search_term_string"}}],"inLanguage":"es"},{"@type":"Organization","@id":"https:\/\/grancanaria.eleusal.com\/#organization","name":"ELE USAL Gran Canaria","url":"https:\/\/grancanaria.eleusal.com\/","logo":{"@type":"ImageObject","inLanguage":"es","@id":"https:\/\/grancanaria.eleusal.com\/#\/schema\/logo\/image\/","url":"https:\/\/grancanaria.eleusal.com\/wp-content\/uploads\/sites\/13\/2019\/10\/ELE-USAL-GranCanaria.png","contentUrl":"https:\/\/grancanaria.eleusal.com\/wp-content\/uploads\/sites\/13\/2019\/10\/ELE-USAL-GranCanaria.png","width":909,"height":45,"caption":"ELE USAL Gran Canaria"},"image":{"@id":"https:\/\/grancanaria.eleusal.com\/#\/schema\/logo\/image\/"},"sameAs":["https:\/\/www.facebook.com\/eleusalgrancanaria\/","https:\/\/x.com\/usal_ele","https:\/\/www.instagram.com\/p\/CDBJYbNiPPu\/"]},{"@type":"Person","@id":"https:\/\/grancanaria.eleusal.com\/#\/schema\/person\/ddd30d342c0575fcb5237623c75b7b97","name":"eleusal","image":{"@type":"ImageObject","inLanguage":"es","@id":"https:\/\/grancanaria.eleusal.com\/#\/schema\/person\/image\/","url":"https:\/\/secure.gravatar.com\/avatar\/2279402847b0a74a825d3ed89e1f1b67?s=96&d=mm&r=g","contentUrl":"https:\/\/secure.gravatar.com\/avatar\/2279402847b0a74a825d3ed89e1f1b67?s=96&d=mm&r=g","caption":"eleusal"}}]}},"_links":{"self":[{"href":"https:\/\/grancanaria.eleusal.com\/es\/wp-json\/wp\/v2\/posts\/419","targetHints":{"allow":["GET"]}}],"collection":[{"href":"https:\/\/grancanaria.eleusal.com\/es\/wp-json\/wp\/v2\/posts"}],"about":[{"href":"https:\/\/grancanaria.eleusal.com\/es\/wp-json\/wp\/v2\/types\/post"}],"author":[{"embeddable":true,"href":"https:\/\/grancanaria.eleusal.com\/es\/wp-json\/wp\/v2\/users\/3"}],"replies":[{"embeddable":true,"href":"https:\/\/grancanaria.eleusal.com\/es\/wp-json\/wp\/v2\/comments?post=419"}],"version-history":[{"count":1,"href":"https:\/\/grancanaria.eleusal.com\/es\/wp-json\/wp\/v2\/posts\/419\/revisions"}],"predecessor-version":[{"id":1157,"href":"https:\/\/grancanaria.eleusal.com\/es\/wp-json\/wp\/v2\/posts\/419\/revisions\/1157"}],"wp:featuredmedia":[{"embeddable":true,"href":"https:\/\/grancanaria.eleusal.com\/es\/wp-json\/wp\/v2\/media\/1055"}],"wp:attachment":[{"href":"https:\/\/grancanaria.eleusal.com\/es\/wp-json\/wp\/v2\/media?parent=419"}],"wp:term":[{"taxonomy":"category","embeddable":true,"href":"https:\/\/grancanaria.eleusal.com\/es\/wp-json\/wp\/v2\/categories?post=419"},{"taxonomy":"post_tag","embeddable":true,"href":"https:\/\/grancanaria.eleusal.com\/es\/wp-json\/wp\/v2\/tags?post=419"}],"curies":[{"name":"wp","href":"https:\/\/api.w.org\/{rel}","templated":true}]}}