{"id":426,"date":"2019-02-28T19:23:53","date_gmt":"2019-02-28T19:23:53","guid":{"rendered":"https:\/\/grancanaria.eleusal.com\/?p=426"},"modified":"2019-11-19T09:15:10","modified_gmt":"2019-11-19T08:15:10","slug":"los-carnavales-canarios","status":"publish","type":"post","link":"https:\/\/grancanaria.eleusal.com\/es\/los-carnavales-canarios\/","title":{"rendered":"LOS CARNAVALES CANARIOS"},"content":{"rendered":"<p>Las fiestas del Carnaval Canario se remontan al siglo XV, tras la conquista de las islas por parte de los espa\u00f1oles, y comenz\u00f3 gracias a la iniciativa de un grupo de italianos procedentes de la ciudad de G\u00e9nova.<\/p>\n<p>En la actualidad, el Carnaval canario est\u00e1 declarado como fiesta de inter\u00e9s tur\u00edstico nacional y ha evolucionado hasta convertirse en una de las fiestas espa\u00f1olas m\u00e1s famosas, siendo el Carnaval de Santa Cruz y el de Las Palmas de Gran Canaria los m\u00e1s vistosos y pintorescos de las islas.<\/p>\n<div id=\"attachment_428\" style=\"width: 310px\" class=\"wp-caption alignnone\"><a href=\"http:\/\/grancanaria.eleusal.com\/2019\/02\/28\/los-carnavales-canarios\/whatsapp-image-2019-03-06-at-15-06-02\/\" rel=\"attachment wp-att-428\"><img loading=\"lazy\" decoding=\"async\" aria-describedby=\"caption-attachment-428\" class=\"size-medium wp-image-428\" src=\"http:\/\/grancanaria.eleusal.com\/files\/2019\/02\/WhatsApp-Image-2019-03-06-at-15.06.02-300x225.jpeg\" alt=\"Carnaval de Santa Cruz de Tenerife\" width=\"300\" height=\"225\" \/><\/a><p id=\"caption-attachment-428\" class=\"wp-caption-text\">Carnaval de Santa Cruz de Tenerife<\/p><\/div>\n<div id=\"attachment_427\" style=\"width: 310px\" class=\"wp-caption alignnone\"><a href=\"http:\/\/grancanaria.eleusal.com\/2019\/02\/28\/los-carnavales-canarios\/img-20190227-wa0019\/\" rel=\"attachment wp-att-427\"><img loading=\"lazy\" decoding=\"async\" aria-describedby=\"caption-attachment-427\" class=\"size-medium wp-image-427\" src=\"http:\/\/grancanaria.eleusal.com\/files\/2019\/02\/IMG-20190227-WA0019-300x168.jpg\" alt=\"Carnaval de d\u00eda de Vegueta\" width=\"300\" height=\"168\" \/><\/a><p id=\"caption-attachment-427\" class=\"wp-caption-text\">Carnaval de d\u00eda de Vegueta<\/p><\/div>\n<p>Durante las 4 semanas que dura el Carnaval se celebran multitud de eventos de todo tipo tales como la famosa Gala Drag, la Gala de la Reina o el Concurso de Murgas, entre otros. Adem\u00e1s, en cada isla, cada regi\u00f3n celebra su Carnaval con sus peculiaridades y sus costumbres. En Las Palmas de G. C. se establecen diferentes zonas adecuadas con escenarios, \u201cchiringuitos\u201d, m\u00fasica y mucho m\u00e1s, para que personas de todas las edades puedan hacer gala de su mejor disfraz y disfrutar de una de las mejores y m\u00e1s divertidas fiestas de las Islas Canarias.<\/p>\n<p>En ELE USAL Gran Canaria vivimos intensamente el carnaval y siempre buscamos un disfraz diferente para cada d\u00eda. Elige el tuyo y no dejes de vivir uno de los mejores Carnavales de Espa\u00f1a. \u00a1Ponte tu mejor disfraz y vente de fiesta con nosotros!<\/p>\n","protected":false},"excerpt":{"rendered":"<p>Las fiestas del Carnaval Canario se remontan al siglo XV, tras la conquista de las islas por parte de los espa\u00f1oles, y comenz\u00f3 gracias a la iniciativa de un grupo de italianos procedentes de la ciudad de G\u00e9nova. En la actualidad, el Carnaval canario est\u00e1&#8230;<\/p>\n","protected":false},"author":3,"featured_media":1053,"comment_status":"closed","ping_status":"closed","sticky":false,"template":"","format":"standard","meta":{"footnotes":""},"categories":[124],"tags":[],"class_list":["post-426","post","type-post","status-publish","format-standard","has-post-thumbnail","hentry","category-sin-categoria-de"],"yoast_head":"<!-- This site is optimized with the Yoast SEO plugin v24.2 - https:\/\/yoast.com\/wordpress\/plugins\/seo\/ -->\n<title>Carnavales Canarios en ELE USAL Gran Canaria<\/title>\n<meta name=\"description\" content=\"Durante las 4 semanas que duran los Carnavales Canarios, en ELE USAL Gran Canaria organizamos actiavidades para que nuestros alumnos puedan conocer nuestra cultura\" \/>\n<meta name=\"robots\" content=\"index, follow, max-snippet:-1, max-image-preview:large, max-video-preview:-1\" \/>\n<link rel=\"canonical\" href=\"https:\/\/grancanaria.eleusal.com\/es\/los-carnavales-canarios\/\" \/>\n<meta property=\"og:locale\" content=\"es_ES\" \/>\n<meta property=\"og:type\" content=\"article\" \/>\n<meta property=\"og:title\" content=\"Carnavales Canarios en ELE USAL Gran Canaria\" \/>\n<meta property=\"og:description\" content=\"Durante las 4 semanas que duran los Carnavales Canarios, en ELE USAL Gran Canaria organizamos actiavidades para que nuestros alumnos puedan conocer nuestra cultura\" \/>\n<meta property=\"og:url\" content=\"https:\/\/grancanaria.eleusal.com\/es\/los-carnavales-canarios\/\" \/>\n<meta property=\"og:site_name\" content=\"ELE USAL Gran Canaria\" \/>\n<meta property=\"article:publisher\" content=\"https:\/\/www.facebook.com\/eleusalgrancanaria\/\" \/>\n<meta property=\"article:published_time\" content=\"2019-02-28T19:23:53+00:00\" \/>\n<meta property=\"article:modified_time\" content=\"2019-11-19T08:15:10+00:00\" \/>\n<meta property=\"og:image\" content=\"https:\/\/grancanaria.eleusal.com\/wp-content\/uploads\/sites\/13\/2019\/02\/los-carnavales.jpg\" \/>\n\t<meta property=\"og:image:width\" content=\"300\" \/>\n\t<meta property=\"og:image:height\" content=\"225\" \/>\n\t<meta property=\"og:image:type\" content=\"image\/jpeg\" \/>\n<meta name=\"author\" content=\"eleusal\" \/>\n<meta name=\"twitter:card\" content=\"summary_large_image\" \/>\n<meta name=\"twitter:creator\" content=\"@usal_ele\" \/>\n<meta name=\"twitter:site\" content=\"@usal_ele\" \/>\n<meta name=\"twitter:label1\" content=\"Escrito por\" \/>\n\t<meta name=\"twitter:data1\" content=\"eleusal\" \/>\n\t<meta name=\"twitter:label2\" content=\"Tiempo de lectura\" \/>\n\t<meta name=\"twitter:data2\" content=\"1 minuto\" \/>\n<script type=\"application\/ld+json\" class=\"yoast-schema-graph\">{\"@context\":\"https:\/\/schema.org\",\"@graph\":[{\"@type\":\"Article\",\"@id\":\"https:\/\/grancanaria.eleusal.com\/es\/los-carnavales-canarios\/#article\",\"isPartOf\":{\"@id\":\"https:\/\/grancanaria.eleusal.com\/es\/los-carnavales-canarios\/\"},\"author\":{\"name\":\"eleusal\",\"@id\":\"https:\/\/grancanaria.eleusal.com\/#\/schema\/person\/ddd30d342c0575fcb5237623c75b7b97\"},\"headline\":\"LOS CARNAVALES CANARIOS\",\"datePublished\":\"2019-02-28T19:23:53+00:00\",\"dateModified\":\"2019-11-19T08:15:10+00:00\",\"mainEntityOfPage\":{\"@id\":\"https:\/\/grancanaria.eleusal.com\/es\/los-carnavales-canarios\/\"},\"wordCount\":268,\"publisher\":{\"@id\":\"https:\/\/grancanaria.eleusal.com\/#organization\"},\"image\":{\"@id\":\"https:\/\/grancanaria.eleusal.com\/es\/los-carnavales-canarios\/#primaryimage\"},\"thumbnailUrl\":\"https:\/\/grancanaria.eleusal.com\/wp-content\/uploads\/sites\/13\/2019\/02\/los-carnavales.jpg\",\"articleSection\":[\"Sin categor\u00eda @de\"],\"inLanguage\":\"es\"},{\"@type\":\"WebPage\",\"@id\":\"https:\/\/grancanaria.eleusal.com\/es\/los-carnavales-canarios\/\",\"url\":\"https:\/\/grancanaria.eleusal.com\/es\/los-carnavales-canarios\/\",\"name\":\"Carnavales Canarios en ELE USAL Gran Canaria\",\"isPartOf\":{\"@id\":\"https:\/\/grancanaria.eleusal.com\/#website\"},\"primaryImageOfPage\":{\"@id\":\"https:\/\/grancanaria.eleusal.com\/es\/los-carnavales-canarios\/#primaryimage\"},\"image\":{\"@id\":\"https:\/\/grancanaria.eleusal.com\/es\/los-carnavales-canarios\/#primaryimage\"},\"thumbnailUrl\":\"https:\/\/grancanaria.eleusal.com\/wp-content\/uploads\/sites\/13\/2019\/02\/los-carnavales.jpg\",\"datePublished\":\"2019-02-28T19:23:53+00:00\",\"dateModified\":\"2019-11-19T08:15:10+00:00\",\"description\":\"Durante las 4 semanas que duran los Carnavales Canarios, en ELE USAL Gran Canaria organizamos actiavidades para que nuestros alumnos puedan conocer nuestra cultura\",\"breadcrumb\":{\"@id\":\"https:\/\/grancanaria.eleusal.com\/es\/los-carnavales-canarios\/#breadcrumb\"},\"inLanguage\":\"es\",\"potentialAction\":[{\"@type\":\"ReadAction\",\"target\":[\"https:\/\/grancanaria.eleusal.com\/es\/los-carnavales-canarios\/\"]}]},{\"@type\":\"ImageObject\",\"inLanguage\":\"es\",\"@id\":\"https:\/\/grancanaria.eleusal.com\/es\/los-carnavales-canarios\/#primaryimage\",\"url\":\"https:\/\/grancanaria.eleusal.com\/wp-content\/uploads\/sites\/13\/2019\/02\/los-carnavales.jpg\",\"contentUrl\":\"https:\/\/grancanaria.eleusal.com\/wp-content\/uploads\/sites\/13\/2019\/02\/los-carnavales.jpg\",\"width\":300,\"height\":225},{\"@type\":\"BreadcrumbList\",\"@id\":\"https:\/\/grancanaria.eleusal.com\/es\/los-carnavales-canarios\/#breadcrumb\",\"itemListElement\":[{\"@type\":\"ListItem\",\"position\":1,\"name\":\"Home\",\"item\":\"https:\/\/grancanaria.eleusal.com\/es\/\"},{\"@type\":\"ListItem\",\"position\":2,\"name\":\"LOS CARNAVALES CANARIOS\"}]},{\"@type\":\"WebSite\",\"@id\":\"https:\/\/grancanaria.eleusal.com\/#website\",\"url\":\"https:\/\/grancanaria.eleusal.com\/\",\"name\":\"ELE USAL Gran Canaria\",\"description\":\"ELE USAL\",\"publisher\":{\"@id\":\"https:\/\/grancanaria.eleusal.com\/#organization\"},\"potentialAction\":[{\"@type\":\"SearchAction\",\"target\":{\"@type\":\"EntryPoint\",\"urlTemplate\":\"https:\/\/grancanaria.eleusal.com\/?s={search_term_string}\"},\"query-input\":{\"@type\":\"PropertyValueSpecification\",\"valueRequired\":true,\"valueName\":\"search_term_string\"}}],\"inLanguage\":\"es\"},{\"@type\":\"Organization\",\"@id\":\"https:\/\/grancanaria.eleusal.com\/#organization\",\"name\":\"ELE USAL Gran Canaria\",\"url\":\"https:\/\/grancanaria.eleusal.com\/\",\"logo\":{\"@type\":\"ImageObject\",\"inLanguage\":\"es\",\"@id\":\"https:\/\/grancanaria.eleusal.com\/#\/schema\/logo\/image\/\",\"url\":\"https:\/\/grancanaria.eleusal.com\/wp-content\/uploads\/sites\/13\/2019\/10\/ELE-USAL-GranCanaria.png\",\"contentUrl\":\"https:\/\/grancanaria.eleusal.com\/wp-content\/uploads\/sites\/13\/2019\/10\/ELE-USAL-GranCanaria.png\",\"width\":909,\"height\":45,\"caption\":\"ELE USAL Gran Canaria\"},\"image\":{\"@id\":\"https:\/\/grancanaria.eleusal.com\/#\/schema\/logo\/image\/\"},\"sameAs\":[\"https:\/\/www.facebook.com\/eleusalgrancanaria\/\",\"https:\/\/x.com\/usal_ele\",\"https:\/\/www.instagram.com\/p\/CDBJYbNiPPu\/\"]},{\"@type\":\"Person\",\"@id\":\"https:\/\/grancanaria.eleusal.com\/#\/schema\/person\/ddd30d342c0575fcb5237623c75b7b97\",\"name\":\"eleusal\",\"image\":{\"@type\":\"ImageObject\",\"inLanguage\":\"es\",\"@id\":\"https:\/\/grancanaria.eleusal.com\/#\/schema\/person\/image\/\",\"url\":\"https:\/\/secure.gravatar.com\/avatar\/2279402847b0a74a825d3ed89e1f1b67?s=96&d=mm&r=g\",\"contentUrl\":\"https:\/\/secure.gravatar.com\/avatar\/2279402847b0a74a825d3ed89e1f1b67?s=96&d=mm&r=g\",\"caption\":\"eleusal\"}}]}<\/script>\n<!-- \/ Yoast SEO plugin. -->","yoast_head_json":{"title":"Carnavales Canarios en ELE USAL Gran Canaria","description":"Durante las 4 semanas que duran los Carnavales Canarios, en ELE USAL Gran Canaria organizamos actiavidades para que nuestros alumnos puedan conocer nuestra cultura","robots":{"index":"index","follow":"follow","max-snippet":"max-snippet:-1","max-image-preview":"max-image-preview:large","max-video-preview":"max-video-preview:-1"},"canonical":"https:\/\/grancanaria.eleusal.com\/es\/los-carnavales-canarios\/","og_locale":"es_ES","og_type":"article","og_title":"Carnavales Canarios en ELE USAL Gran Canaria","og_description":"Durante las 4 semanas que duran los Carnavales Canarios, en ELE USAL Gran Canaria organizamos actiavidades para que nuestros alumnos puedan conocer nuestra cultura","og_url":"https:\/\/grancanaria.eleusal.com\/es\/los-carnavales-canarios\/","og_site_name":"ELE USAL Gran Canaria","article_publisher":"https:\/\/www.facebook.com\/eleusalgrancanaria\/","article_published_time":"2019-02-28T19:23:53+00:00","article_modified_time":"2019-11-19T08:15:10+00:00","og_image":[{"width":300,"height":225,"url":"https:\/\/grancanaria.eleusal.com\/wp-content\/uploads\/sites\/13\/2019\/02\/los-carnavales.jpg","type":"image\/jpeg"}],"author":"eleusal","twitter_card":"summary_large_image","twitter_creator":"@usal_ele","twitter_site":"@usal_ele","twitter_misc":{"Escrito por":"eleusal","Tiempo de lectura":"1 minuto"},"schema":{"@context":"https:\/\/schema.org","@graph":[{"@type":"Article","@id":"https:\/\/grancanaria.eleusal.com\/es\/los-carnavales-canarios\/#article","isPartOf":{"@id":"https:\/\/grancanaria.eleusal.com\/es\/los-carnavales-canarios\/"},"author":{"name":"eleusal","@id":"https:\/\/grancanaria.eleusal.com\/#\/schema\/person\/ddd30d342c0575fcb5237623c75b7b97"},"headline":"LOS CARNAVALES CANARIOS","datePublished":"2019-02-28T19:23:53+00:00","dateModified":"2019-11-19T08:15:10+00:00","mainEntityOfPage":{"@id":"https:\/\/grancanaria.eleusal.com\/es\/los-carnavales-canarios\/"},"wordCount":268,"publisher":{"@id":"https:\/\/grancanaria.eleusal.com\/#organization"},"image":{"@id":"https:\/\/grancanaria.eleusal.com\/es\/los-carnavales-canarios\/#primaryimage"},"thumbnailUrl":"https:\/\/grancanaria.eleusal.com\/wp-content\/uploads\/sites\/13\/2019\/02\/los-carnavales.jpg","articleSection":["Sin categor\u00eda @de"],"inLanguage":"es"},{"@type":"WebPage","@id":"https:\/\/grancanaria.eleusal.com\/es\/los-carnavales-canarios\/","url":"https:\/\/grancanaria.eleusal.com\/es\/los-carnavales-canarios\/","name":"Carnavales Canarios en ELE USAL Gran Canaria","isPartOf":{"@id":"https:\/\/grancanaria.eleusal.com\/#website"},"primaryImageOfPage":{"@id":"https:\/\/grancanaria.eleusal.com\/es\/los-carnavales-canarios\/#primaryimage"},"image":{"@id":"https:\/\/grancanaria.eleusal.com\/es\/los-carnavales-canarios\/#primaryimage"},"thumbnailUrl":"https:\/\/grancanaria.eleusal.com\/wp-content\/uploads\/sites\/13\/2019\/02\/los-carnavales.jpg","datePublished":"2019-02-28T19:23:53+00:00","dateModified":"2019-11-19T08:15:10+00:00","description":"Durante las 4 semanas que duran los Carnavales Canarios, en ELE USAL Gran Canaria organizamos actiavidades para que nuestros alumnos puedan conocer nuestra cultura","breadcrumb":{"@id":"https:\/\/grancanaria.eleusal.com\/es\/los-carnavales-canarios\/#breadcrumb"},"inLanguage":"es","potentialAction":[{"@type":"ReadAction","target":["https:\/\/grancanaria.eleusal.com\/es\/los-carnavales-canarios\/"]}]},{"@type":"ImageObject","inLanguage":"es","@id":"https:\/\/grancanaria.eleusal.com\/es\/los-carnavales-canarios\/#primaryimage","url":"https:\/\/grancanaria.eleusal.com\/wp-content\/uploads\/sites\/13\/2019\/02\/los-carnavales.jpg","contentUrl":"https:\/\/grancanaria.eleusal.com\/wp-content\/uploads\/sites\/13\/2019\/02\/los-carnavales.jpg","width":300,"height":225},{"@type":"BreadcrumbList","@id":"https:\/\/grancanaria.eleusal.com\/es\/los-carnavales-canarios\/#breadcrumb","itemListElement":[{"@type":"ListItem","position":1,"name":"Home","item":"https:\/\/grancanaria.eleusal.com\/es\/"},{"@type":"ListItem","position":2,"name":"LOS CARNAVALES CANARIOS"}]},{"@type":"WebSite","@id":"https:\/\/grancanaria.eleusal.com\/#website","url":"https:\/\/grancanaria.eleusal.com\/","name":"ELE USAL Gran Canaria","description":"ELE USAL","publisher":{"@id":"https:\/\/grancanaria.eleusal.com\/#organization"},"potentialAction":[{"@type":"SearchAction","target":{"@type":"EntryPoint","urlTemplate":"https:\/\/grancanaria.eleusal.com\/?s={search_term_string}"},"query-input":{"@type":"PropertyValueSpecification","valueRequired":true,"valueName":"search_term_string"}}],"inLanguage":"es"},{"@type":"Organization","@id":"https:\/\/grancanaria.eleusal.com\/#organization","name":"ELE USAL Gran Canaria","url":"https:\/\/grancanaria.eleusal.com\/","logo":{"@type":"ImageObject","inLanguage":"es","@id":"https:\/\/grancanaria.eleusal.com\/#\/schema\/logo\/image\/","url":"https:\/\/grancanaria.eleusal.com\/wp-content\/uploads\/sites\/13\/2019\/10\/ELE-USAL-GranCanaria.png","contentUrl":"https:\/\/grancanaria.eleusal.com\/wp-content\/uploads\/sites\/13\/2019\/10\/ELE-USAL-GranCanaria.png","width":909,"height":45,"caption":"ELE USAL Gran Canaria"},"image":{"@id":"https:\/\/grancanaria.eleusal.com\/#\/schema\/logo\/image\/"},"sameAs":["https:\/\/www.facebook.com\/eleusalgrancanaria\/","https:\/\/x.com\/usal_ele","https:\/\/www.instagram.com\/p\/CDBJYbNiPPu\/"]},{"@type":"Person","@id":"https:\/\/grancanaria.eleusal.com\/#\/schema\/person\/ddd30d342c0575fcb5237623c75b7b97","name":"eleusal","image":{"@type":"ImageObject","inLanguage":"es","@id":"https:\/\/grancanaria.eleusal.com\/#\/schema\/person\/image\/","url":"https:\/\/secure.gravatar.com\/avatar\/2279402847b0a74a825d3ed89e1f1b67?s=96&d=mm&r=g","contentUrl":"https:\/\/secure.gravatar.com\/avatar\/2279402847b0a74a825d3ed89e1f1b67?s=96&d=mm&r=g","caption":"eleusal"}}]}},"_links":{"self":[{"href":"https:\/\/grancanaria.eleusal.com\/es\/wp-json\/wp\/v2\/posts\/426","targetHints":{"allow":["GET"]}}],"collection":[{"href":"https:\/\/grancanaria.eleusal.com\/es\/wp-json\/wp\/v2\/posts"}],"about":[{"href":"https:\/\/grancanaria.eleusal.com\/es\/wp-json\/wp\/v2\/types\/post"}],"author":[{"embeddable":true,"href":"https:\/\/grancanaria.eleusal.com\/es\/wp-json\/wp\/v2\/users\/3"}],"replies":[{"embeddable":true,"href":"https:\/\/grancanaria.eleusal.com\/es\/wp-json\/wp\/v2\/comments?post=426"}],"version-history":[{"count":1,"href":"https:\/\/grancanaria.eleusal.com\/es\/wp-json\/wp\/v2\/posts\/426\/revisions"}],"predecessor-version":[{"id":1156,"href":"https:\/\/grancanaria.eleusal.com\/es\/wp-json\/wp\/v2\/posts\/426\/revisions\/1156"}],"wp:featuredmedia":[{"embeddable":true,"href":"https:\/\/grancanaria.eleusal.com\/es\/wp-json\/wp\/v2\/media\/1053"}],"wp:attachment":[{"href":"https:\/\/grancanaria.eleusal.com\/es\/wp-json\/wp\/v2\/media?parent=426"}],"wp:term":[{"taxonomy":"category","embeddable":true,"href":"https:\/\/grancanaria.eleusal.com\/es\/wp-json\/wp\/v2\/categories?post=426"},{"taxonomy":"post_tag","embeddable":true,"href":"https:\/\/grancanaria.eleusal.com\/es\/wp-json\/wp\/v2\/tags?post=426"}],"curies":[{"name":"wp","href":"https:\/\/api.w.org\/{rel}","templated":true}]}}