{"id":441,"date":"2019-03-31T16:51:06","date_gmt":"2019-03-31T16:51:06","guid":{"rendered":"https:\/\/grancanaria.eleusal.com\/?p=441"},"modified":"2019-11-19T09:13:20","modified_gmt":"2019-11-19T08:13:20","slug":"profesor-de-espanol-una-profesion-en-auge","status":"publish","type":"post","link":"https:\/\/grancanaria.eleusal.com\/es\/profesor-de-espanol-una-profesion-en-auge\/","title":{"rendered":"PROFESOR ELE: UNA PROFESI\u00d3N EN AUGE"},"content":{"rendered":"<p>El espa\u00f1ol, despu\u00e9s del chino, es la segunda lengua m\u00e1s hablada en todo el planeta con 577 millones de hablantes, seg\u00fan datos recientes del Instituto Cervantes. Adem\u00e1s, es la cuarta lengua m\u00e1s importante y la segunda con mayor presencia en internet, despu\u00e9s del ingl\u00e9s.<\/p>\n<p>Hoy en d\u00eda, la demanda de profesor de espa\u00f1ol ha crecido de forma exponencial en los \u00faltimos a\u00f1os. En pa\u00edses como EEUU, China, India o Jap\u00f3n, la demanda de los estudiantes de espa\u00f1ol no puede ser cubierta debido al bajo n\u00famero de profesores titulados. Es por ello que cada vez hay m\u00e1s ofertas de profesores ELE y auxiliares de conversaci\u00f3n en todo el mundo. Estos son algunos de los pa\u00edses que m\u00e1s demanda profesores de espa\u00f1ol en la actualidad:<\/p>\n<p><a href=\"http:\/\/grancanaria.eleusal.com\/2019\/03\/31\/profesor-de-espanol-una-profesion-en-auge\/whatsapp-image-2019-04-05-at-11-14-54\/\" rel=\"attachment wp-att-443\"><img loading=\"lazy\" decoding=\"async\" class=\"alignnone size-medium wp-image-443\" src=\"http:\/\/grancanaria.eleusal.com\/files\/2019\/03\/WhatsApp-Image-2019-04-05-at-11.14.54-300x225.jpeg\" alt=\"WhatsApp Image 2019-04-05 at 11.14.54\" width=\"300\" height=\"225\" \/><\/a><\/p>\n<p>&#8211;<strong>Gran Breta\u00f1a<\/strong> tiene una demanda de <strong>4000 profesores<\/strong> de espa\u00f1ol sin cubrir. Por otra parte, se prevee que el espa\u00f1ol supere al franc\u00e9s como primera lengua extranjera en los pr\u00f3ximos a\u00f1os.<\/p>\n<p>&#8211;<strong>China,<\/strong> que cuenta con m\u00e1s de 40000 estudiantes de espa\u00f1ol, prevee una demanada de 150 profesores en los pr\u00f3ximos 3 a\u00f1os en el \u00e1mbito universitario. A escala global, y seg\u00fan datos recientes, existe una demanda de <strong>1800 profesores <\/strong>en el \u00e1mbito p\u00fablico y privado y el n\u00famero sigue creciendo<\/p>\n<p>&#8211;<strong>EEUU, <\/strong>posee casi 80 millones de estudiantes de espa\u00f1ol y es uno de los pa\u00edses con m\u00e1s demanda profesores cada a\u00f1o.<\/p>\n<p>&#8211;<strong>Francia<\/strong>, cuyo n\u00famero de estudiantes de espa\u00f1ol supera los 2,7 millones y donde existe actualmente una demanda de <strong>m\u00e1s de 1000 profesores<\/strong>.<\/p>\n<p>Aunque, no todas las empresas demandan profesores de espa\u00f1ol con cualifaciones espec\u00edficas de formaci\u00f3n ELE, ya sea universitaria o no, estar en posesi\u00f3n de un t\u00edtulo espec\u00edfico en ense\u00f1anza de espa\u00f1ol para extranjeros siempre es valorada de forma positiva. Por otro lado, muchas de las escuelas privadas y todas las universidades exijen siempre que sus profesores est\u00e9n en posesi\u00f3n de un t\u00edtulo de formaci\u00f3n espec\u00edfica en ELE para poder optar a cualquiera de sus puestos.<\/p>\n<p>No lo dudes, si quieres dedicarte a una profesi\u00f3n en pleno auge y trabajar en cualquier parte del mundo, hazte profesor de espa\u00f1ol para extranjeros.<\/p>\n","protected":false},"excerpt":{"rendered":"<p>El espa\u00f1ol, despu\u00e9s del chino, es la segunda lengua m\u00e1s hablada en todo el planeta con 577 millones de hablantes, seg\u00fan datos recientes del Instituto Cervantes. Adem\u00e1s, es la cuarta lengua m\u00e1s importante y la segunda con mayor presencia en internet, despu\u00e9s del ingl\u00e9s. Hoy&#8230;<\/p>\n","protected":false},"author":3,"featured_media":1049,"comment_status":"closed","ping_status":"closed","sticky":false,"template":"","format":"standard","meta":{"footnotes":""},"categories":[124],"tags":[],"class_list":["post-441","post","type-post","status-publish","format-standard","has-post-thumbnail","hentry","category-sin-categoria-de"],"yoast_head":"<!-- This site is optimized with the Yoast SEO plugin v24.2 - https:\/\/yoast.com\/wordpress\/plugins\/seo\/ -->\n<title>F\u00f3rmate como profesor de ELE en ELE USAL Gran Canaria<\/title>\n<meta name=\"description\" content=\"En ELE USAL Gran Canaria ofrecemos cursos de formaci\u00f3n para todos los que quieran ejercer la profesi\u00f3n de profesor de espa\u00f1ol para extranjeros\" \/>\n<meta name=\"robots\" content=\"index, follow, max-snippet:-1, max-image-preview:large, max-video-preview:-1\" \/>\n<link rel=\"canonical\" href=\"https:\/\/grancanaria.eleusal.com\/es\/profesor-de-espanol-una-profesion-en-auge\/\" \/>\n<meta property=\"og:locale\" content=\"es_ES\" \/>\n<meta property=\"og:type\" content=\"article\" \/>\n<meta property=\"og:title\" content=\"F\u00f3rmate como profesor de ELE en ELE USAL Gran Canaria\" \/>\n<meta property=\"og:description\" content=\"En ELE USAL Gran Canaria ofrecemos cursos de formaci\u00f3n para todos los que quieran ejercer la profesi\u00f3n de profesor de espa\u00f1ol para extranjeros\" \/>\n<meta property=\"og:url\" content=\"https:\/\/grancanaria.eleusal.com\/es\/profesor-de-espanol-una-profesion-en-auge\/\" \/>\n<meta property=\"og:site_name\" content=\"ELE USAL Gran Canaria\" \/>\n<meta property=\"article:publisher\" content=\"https:\/\/www.facebook.com\/eleusalgrancanaria\/\" \/>\n<meta property=\"article:published_time\" content=\"2019-03-31T16:51:06+00:00\" \/>\n<meta property=\"article:modified_time\" content=\"2019-11-19T08:13:20+00:00\" \/>\n<meta property=\"og:image\" content=\"https:\/\/grancanaria.eleusal.com\/wp-content\/uploads\/sites\/13\/2019\/10\/IMG_8013.jpg\" \/>\n\t<meta property=\"og:image:width\" content=\"3428\" \/>\n\t<meta property=\"og:image:height\" content=\"2428\" \/>\n\t<meta property=\"og:image:type\" content=\"image\/jpeg\" \/>\n<meta name=\"author\" content=\"eleusal\" \/>\n<meta name=\"twitter:card\" content=\"summary_large_image\" \/>\n<meta name=\"twitter:creator\" content=\"@usal_ele\" \/>\n<meta name=\"twitter:site\" content=\"@usal_ele\" \/>\n<meta name=\"twitter:label1\" content=\"Escrito por\" \/>\n\t<meta name=\"twitter:data1\" content=\"eleusal\" \/>\n\t<meta name=\"twitter:label2\" content=\"Tiempo de lectura\" \/>\n\t<meta name=\"twitter:data2\" content=\"2 minutos\" \/>\n<script type=\"application\/ld+json\" class=\"yoast-schema-graph\">{\"@context\":\"https:\/\/schema.org\",\"@graph\":[{\"@type\":\"Article\",\"@id\":\"https:\/\/grancanaria.eleusal.com\/es\/profesor-de-espanol-una-profesion-en-auge\/#article\",\"isPartOf\":{\"@id\":\"https:\/\/grancanaria.eleusal.com\/es\/profesor-de-espanol-una-profesion-en-auge\/\"},\"author\":{\"name\":\"eleusal\",\"@id\":\"https:\/\/grancanaria.eleusal.com\/#\/schema\/person\/ddd30d342c0575fcb5237623c75b7b97\"},\"headline\":\"PROFESOR ELE: UNA PROFESI\u00d3N EN AUGE\",\"datePublished\":\"2019-03-31T16:51:06+00:00\",\"dateModified\":\"2019-11-19T08:13:20+00:00\",\"mainEntityOfPage\":{\"@id\":\"https:\/\/grancanaria.eleusal.com\/es\/profesor-de-espanol-una-profesion-en-auge\/\"},\"wordCount\":399,\"publisher\":{\"@id\":\"https:\/\/grancanaria.eleusal.com\/#organization\"},\"image\":{\"@id\":\"https:\/\/grancanaria.eleusal.com\/es\/profesor-de-espanol-una-profesion-en-auge\/#primaryimage\"},\"thumbnailUrl\":\"https:\/\/grancanaria.eleusal.com\/wp-content\/uploads\/sites\/13\/2019\/10\/IMG_8013.jpg\",\"articleSection\":[\"Sin categor\u00eda @de\"],\"inLanguage\":\"es\"},{\"@type\":\"WebPage\",\"@id\":\"https:\/\/grancanaria.eleusal.com\/es\/profesor-de-espanol-una-profesion-en-auge\/\",\"url\":\"https:\/\/grancanaria.eleusal.com\/es\/profesor-de-espanol-una-profesion-en-auge\/\",\"name\":\"F\u00f3rmate como profesor de ELE en ELE USAL Gran Canaria\",\"isPartOf\":{\"@id\":\"https:\/\/grancanaria.eleusal.com\/#website\"},\"primaryImageOfPage\":{\"@id\":\"https:\/\/grancanaria.eleusal.com\/es\/profesor-de-espanol-una-profesion-en-auge\/#primaryimage\"},\"image\":{\"@id\":\"https:\/\/grancanaria.eleusal.com\/es\/profesor-de-espanol-una-profesion-en-auge\/#primaryimage\"},\"thumbnailUrl\":\"https:\/\/grancanaria.eleusal.com\/wp-content\/uploads\/sites\/13\/2019\/10\/IMG_8013.jpg\",\"datePublished\":\"2019-03-31T16:51:06+00:00\",\"dateModified\":\"2019-11-19T08:13:20+00:00\",\"description\":\"En ELE USAL Gran Canaria ofrecemos cursos de formaci\u00f3n para todos los que quieran ejercer la profesi\u00f3n de profesor de espa\u00f1ol para extranjeros\",\"breadcrumb\":{\"@id\":\"https:\/\/grancanaria.eleusal.com\/es\/profesor-de-espanol-una-profesion-en-auge\/#breadcrumb\"},\"inLanguage\":\"es\",\"potentialAction\":[{\"@type\":\"ReadAction\",\"target\":[\"https:\/\/grancanaria.eleusal.com\/es\/profesor-de-espanol-una-profesion-en-auge\/\"]}]},{\"@type\":\"ImageObject\",\"inLanguage\":\"es\",\"@id\":\"https:\/\/grancanaria.eleusal.com\/es\/profesor-de-espanol-una-profesion-en-auge\/#primaryimage\",\"url\":\"https:\/\/grancanaria.eleusal.com\/wp-content\/uploads\/sites\/13\/2019\/10\/IMG_8013.jpg\",\"contentUrl\":\"https:\/\/grancanaria.eleusal.com\/wp-content\/uploads\/sites\/13\/2019\/10\/IMG_8013.jpg\",\"width\":3428,\"height\":2428},{\"@type\":\"BreadcrumbList\",\"@id\":\"https:\/\/grancanaria.eleusal.com\/es\/profesor-de-espanol-una-profesion-en-auge\/#breadcrumb\",\"itemListElement\":[{\"@type\":\"ListItem\",\"position\":1,\"name\":\"Home\",\"item\":\"https:\/\/grancanaria.eleusal.com\/es\/\"},{\"@type\":\"ListItem\",\"position\":2,\"name\":\"PROFESOR ELE: UNA PROFESI\u00d3N EN AUGE\"}]},{\"@type\":\"WebSite\",\"@id\":\"https:\/\/grancanaria.eleusal.com\/#website\",\"url\":\"https:\/\/grancanaria.eleusal.com\/\",\"name\":\"ELE USAL Gran Canaria\",\"description\":\"ELE USAL\",\"publisher\":{\"@id\":\"https:\/\/grancanaria.eleusal.com\/#organization\"},\"potentialAction\":[{\"@type\":\"SearchAction\",\"target\":{\"@type\":\"EntryPoint\",\"urlTemplate\":\"https:\/\/grancanaria.eleusal.com\/?s={search_term_string}\"},\"query-input\":{\"@type\":\"PropertyValueSpecification\",\"valueRequired\":true,\"valueName\":\"search_term_string\"}}],\"inLanguage\":\"es\"},{\"@type\":\"Organization\",\"@id\":\"https:\/\/grancanaria.eleusal.com\/#organization\",\"name\":\"ELE USAL Gran Canaria\",\"url\":\"https:\/\/grancanaria.eleusal.com\/\",\"logo\":{\"@type\":\"ImageObject\",\"inLanguage\":\"es\",\"@id\":\"https:\/\/grancanaria.eleusal.com\/#\/schema\/logo\/image\/\",\"url\":\"https:\/\/grancanaria.eleusal.com\/wp-content\/uploads\/sites\/13\/2019\/10\/ELE-USAL-GranCanaria.png\",\"contentUrl\":\"https:\/\/grancanaria.eleusal.com\/wp-content\/uploads\/sites\/13\/2019\/10\/ELE-USAL-GranCanaria.png\",\"width\":909,\"height\":45,\"caption\":\"ELE USAL Gran Canaria\"},\"image\":{\"@id\":\"https:\/\/grancanaria.eleusal.com\/#\/schema\/logo\/image\/\"},\"sameAs\":[\"https:\/\/www.facebook.com\/eleusalgrancanaria\/\",\"https:\/\/x.com\/usal_ele\",\"https:\/\/www.instagram.com\/p\/CDBJYbNiPPu\/\"]},{\"@type\":\"Person\",\"@id\":\"https:\/\/grancanaria.eleusal.com\/#\/schema\/person\/ddd30d342c0575fcb5237623c75b7b97\",\"name\":\"eleusal\",\"image\":{\"@type\":\"ImageObject\",\"inLanguage\":\"es\",\"@id\":\"https:\/\/grancanaria.eleusal.com\/#\/schema\/person\/image\/\",\"url\":\"https:\/\/secure.gravatar.com\/avatar\/2279402847b0a74a825d3ed89e1f1b67?s=96&d=mm&r=g\",\"contentUrl\":\"https:\/\/secure.gravatar.com\/avatar\/2279402847b0a74a825d3ed89e1f1b67?s=96&d=mm&r=g\",\"caption\":\"eleusal\"}}]}<\/script>\n<!-- \/ Yoast SEO plugin. -->","yoast_head_json":{"title":"F\u00f3rmate como profesor de ELE en ELE USAL Gran Canaria","description":"En ELE USAL Gran Canaria ofrecemos cursos de formaci\u00f3n para todos los que quieran ejercer la profesi\u00f3n de profesor de espa\u00f1ol para extranjeros","robots":{"index":"index","follow":"follow","max-snippet":"max-snippet:-1","max-image-preview":"max-image-preview:large","max-video-preview":"max-video-preview:-1"},"canonical":"https:\/\/grancanaria.eleusal.com\/es\/profesor-de-espanol-una-profesion-en-auge\/","og_locale":"es_ES","og_type":"article","og_title":"F\u00f3rmate como profesor de ELE en ELE USAL Gran Canaria","og_description":"En ELE USAL Gran Canaria ofrecemos cursos de formaci\u00f3n para todos los que quieran ejercer la profesi\u00f3n de profesor de espa\u00f1ol para extranjeros","og_url":"https:\/\/grancanaria.eleusal.com\/es\/profesor-de-espanol-una-profesion-en-auge\/","og_site_name":"ELE USAL Gran Canaria","article_publisher":"https:\/\/www.facebook.com\/eleusalgrancanaria\/","article_published_time":"2019-03-31T16:51:06+00:00","article_modified_time":"2019-11-19T08:13:20+00:00","og_image":[{"width":3428,"height":2428,"url":"https:\/\/grancanaria.eleusal.com\/wp-content\/uploads\/sites\/13\/2019\/10\/IMG_8013.jpg","type":"image\/jpeg"}],"author":"eleusal","twitter_card":"summary_large_image","twitter_creator":"@usal_ele","twitter_site":"@usal_ele","twitter_misc":{"Escrito por":"eleusal","Tiempo de lectura":"2 minutos"},"schema":{"@context":"https:\/\/schema.org","@graph":[{"@type":"Article","@id":"https:\/\/grancanaria.eleusal.com\/es\/profesor-de-espanol-una-profesion-en-auge\/#article","isPartOf":{"@id":"https:\/\/grancanaria.eleusal.com\/es\/profesor-de-espanol-una-profesion-en-auge\/"},"author":{"name":"eleusal","@id":"https:\/\/grancanaria.eleusal.com\/#\/schema\/person\/ddd30d342c0575fcb5237623c75b7b97"},"headline":"PROFESOR ELE: UNA PROFESI\u00d3N EN AUGE","datePublished":"2019-03-31T16:51:06+00:00","dateModified":"2019-11-19T08:13:20+00:00","mainEntityOfPage":{"@id":"https:\/\/grancanaria.eleusal.com\/es\/profesor-de-espanol-una-profesion-en-auge\/"},"wordCount":399,"publisher":{"@id":"https:\/\/grancanaria.eleusal.com\/#organization"},"image":{"@id":"https:\/\/grancanaria.eleusal.com\/es\/profesor-de-espanol-una-profesion-en-auge\/#primaryimage"},"thumbnailUrl":"https:\/\/grancanaria.eleusal.com\/wp-content\/uploads\/sites\/13\/2019\/10\/IMG_8013.jpg","articleSection":["Sin categor\u00eda @de"],"inLanguage":"es"},{"@type":"WebPage","@id":"https:\/\/grancanaria.eleusal.com\/es\/profesor-de-espanol-una-profesion-en-auge\/","url":"https:\/\/grancanaria.eleusal.com\/es\/profesor-de-espanol-una-profesion-en-auge\/","name":"F\u00f3rmate como profesor de ELE en ELE USAL Gran Canaria","isPartOf":{"@id":"https:\/\/grancanaria.eleusal.com\/#website"},"primaryImageOfPage":{"@id":"https:\/\/grancanaria.eleusal.com\/es\/profesor-de-espanol-una-profesion-en-auge\/#primaryimage"},"image":{"@id":"https:\/\/grancanaria.eleusal.com\/es\/profesor-de-espanol-una-profesion-en-auge\/#primaryimage"},"thumbnailUrl":"https:\/\/grancanaria.eleusal.com\/wp-content\/uploads\/sites\/13\/2019\/10\/IMG_8013.jpg","datePublished":"2019-03-31T16:51:06+00:00","dateModified":"2019-11-19T08:13:20+00:00","description":"En ELE USAL Gran Canaria ofrecemos cursos de formaci\u00f3n para todos los que quieran ejercer la profesi\u00f3n de profesor de espa\u00f1ol para extranjeros","breadcrumb":{"@id":"https:\/\/grancanaria.eleusal.com\/es\/profesor-de-espanol-una-profesion-en-auge\/#breadcrumb"},"inLanguage":"es","potentialAction":[{"@type":"ReadAction","target":["https:\/\/grancanaria.eleusal.com\/es\/profesor-de-espanol-una-profesion-en-auge\/"]}]},{"@type":"ImageObject","inLanguage":"es","@id":"https:\/\/grancanaria.eleusal.com\/es\/profesor-de-espanol-una-profesion-en-auge\/#primaryimage","url":"https:\/\/grancanaria.eleusal.com\/wp-content\/uploads\/sites\/13\/2019\/10\/IMG_8013.jpg","contentUrl":"https:\/\/grancanaria.eleusal.com\/wp-content\/uploads\/sites\/13\/2019\/10\/IMG_8013.jpg","width":3428,"height":2428},{"@type":"BreadcrumbList","@id":"https:\/\/grancanaria.eleusal.com\/es\/profesor-de-espanol-una-profesion-en-auge\/#breadcrumb","itemListElement":[{"@type":"ListItem","position":1,"name":"Home","item":"https:\/\/grancanaria.eleusal.com\/es\/"},{"@type":"ListItem","position":2,"name":"PROFESOR ELE: UNA PROFESI\u00d3N EN AUGE"}]},{"@type":"WebSite","@id":"https:\/\/grancanaria.eleusal.com\/#website","url":"https:\/\/grancanaria.eleusal.com\/","name":"ELE USAL Gran Canaria","description":"ELE USAL","publisher":{"@id":"https:\/\/grancanaria.eleusal.com\/#organization"},"potentialAction":[{"@type":"SearchAction","target":{"@type":"EntryPoint","urlTemplate":"https:\/\/grancanaria.eleusal.com\/?s={search_term_string}"},"query-input":{"@type":"PropertyValueSpecification","valueRequired":true,"valueName":"search_term_string"}}],"inLanguage":"es"},{"@type":"Organization","@id":"https:\/\/grancanaria.eleusal.com\/#organization","name":"ELE USAL Gran Canaria","url":"https:\/\/grancanaria.eleusal.com\/","logo":{"@type":"ImageObject","inLanguage":"es","@id":"https:\/\/grancanaria.eleusal.com\/#\/schema\/logo\/image\/","url":"https:\/\/grancanaria.eleusal.com\/wp-content\/uploads\/sites\/13\/2019\/10\/ELE-USAL-GranCanaria.png","contentUrl":"https:\/\/grancanaria.eleusal.com\/wp-content\/uploads\/sites\/13\/2019\/10\/ELE-USAL-GranCanaria.png","width":909,"height":45,"caption":"ELE USAL Gran Canaria"},"image":{"@id":"https:\/\/grancanaria.eleusal.com\/#\/schema\/logo\/image\/"},"sameAs":["https:\/\/www.facebook.com\/eleusalgrancanaria\/","https:\/\/x.com\/usal_ele","https:\/\/www.instagram.com\/p\/CDBJYbNiPPu\/"]},{"@type":"Person","@id":"https:\/\/grancanaria.eleusal.com\/#\/schema\/person\/ddd30d342c0575fcb5237623c75b7b97","name":"eleusal","image":{"@type":"ImageObject","inLanguage":"es","@id":"https:\/\/grancanaria.eleusal.com\/#\/schema\/person\/image\/","url":"https:\/\/secure.gravatar.com\/avatar\/2279402847b0a74a825d3ed89e1f1b67?s=96&d=mm&r=g","contentUrl":"https:\/\/secure.gravatar.com\/avatar\/2279402847b0a74a825d3ed89e1f1b67?s=96&d=mm&r=g","caption":"eleusal"}}]}},"_links":{"self":[{"href":"https:\/\/grancanaria.eleusal.com\/es\/wp-json\/wp\/v2\/posts\/441","targetHints":{"allow":["GET"]}}],"collection":[{"href":"https:\/\/grancanaria.eleusal.com\/es\/wp-json\/wp\/v2\/posts"}],"about":[{"href":"https:\/\/grancanaria.eleusal.com\/es\/wp-json\/wp\/v2\/types\/post"}],"author":[{"embeddable":true,"href":"https:\/\/grancanaria.eleusal.com\/es\/wp-json\/wp\/v2\/users\/3"}],"replies":[{"embeddable":true,"href":"https:\/\/grancanaria.eleusal.com\/es\/wp-json\/wp\/v2\/comments?post=441"}],"version-history":[{"count":2,"href":"https:\/\/grancanaria.eleusal.com\/es\/wp-json\/wp\/v2\/posts\/441\/revisions"}],"predecessor-version":[{"id":1155,"href":"https:\/\/grancanaria.eleusal.com\/es\/wp-json\/wp\/v2\/posts\/441\/revisions\/1155"}],"wp:featuredmedia":[{"embeddable":true,"href":"https:\/\/grancanaria.eleusal.com\/es\/wp-json\/wp\/v2\/media\/1049"}],"wp:attachment":[{"href":"https:\/\/grancanaria.eleusal.com\/es\/wp-json\/wp\/v2\/media?parent=441"}],"wp:term":[{"taxonomy":"category","embeddable":true,"href":"https:\/\/grancanaria.eleusal.com\/es\/wp-json\/wp\/v2\/categories?post=441"},{"taxonomy":"post_tag","embeddable":true,"href":"https:\/\/grancanaria.eleusal.com\/es\/wp-json\/wp\/v2\/tags?post=441"}],"curies":[{"name":"wp","href":"https:\/\/api.w.org\/{rel}","templated":true}]}}